{"id":1199,"date":"2018-06-19T08:50:18","date_gmt":"2018-06-19T07:50:18","guid":{"rendered":"http:\/\/www.revue-exposition.com\/?p=1199"},"modified":"2022-12-12T13:49:13","modified_gmt":"2022-12-12T12:49:13","slug":"2018","status":"publish","type":"post","link":"https:\/\/www.revue-exposition.com\/index.php\/sommaire-4\/2018\/%20","title":{"rendered":"4\/2018 &#8211; Varia"},"content":{"rendered":"<p>Num\u00e9ro dirig\u00e9 par Sylvain Demarthe<\/p>\n<p>&nbsp;<\/p>\n<p><strong>Articles<\/strong><\/p>\n<p>\u2013 Camille Chevallier, <a href=\"https:\/\/www.revue-exposition.com\/index.php\/articles4\/chevallier-librairie-galerie-la-hune-estampe\">La librairie-galerie La Hune (1944-1975)\u00a0: un espace de monstration privil\u00e9gi\u00e9 pour l\u2019art de l\u2019estampe<\/a><\/p>\n<p>\u2013 Sophie Ducret, <a href=\"https:\/\/www.revue-exposition.com\/index.php\/articles4\/ducret-peintures-murales-medievales-mnac-barcelone\">Exposer des peintures murales m\u00e9di\u00e9vales : l\u2019exemple du parcours d\u2019art roman du Museu Nacional d\u2019Art de Catalunya (Barcelone)<\/a><\/p>\n<p>\u2013 Julie Lageyre,\u00a0<a href=\"https:\/\/www.revue-exposition.com\/index.php\/articles4\/lageyre-peinture-anglaise-paris-1938\">S\u2019exposer \u00e0 l\u2019\u00e9tranger. La peinture anglaise contemporaine au sein de la saison artistique parisienne de 1938<\/a><\/p>\n<p><strong>Entretien<\/strong><\/p>\n<p>\u2013 H\u00e9l\u00e8ne Trespeuch, Entretien avec Stanislas Colodiet, <a href=\"https:\/\/www.revue-exposition.com\/index.php\/articles4\/colodiet-trespeuch-picasso-musee-fabre-montpellier-2018\">\u00c0 propos de l&rsquo;exposition <em>Picasso, donner \u00e0 voir<\/em> (Mus\u00e9e Fabre, Montpellier, 2018)<\/a><\/p>\n<p><strong>Compte-rendu de lecture<br \/>\n<\/strong><\/p>\n<p>\u2013 Paule Gioffredi, <a href=\"https:\/\/www.revue-exposition.com\/index.php\/articles4\/gioffredi-recension-palazzollo-danse-expositions-paris\">Programmation, diffusion et r\u00e9ception de la danse aux Expositions de Paris<\/a><br \/>\nCompte-rendu de lecture de : Claudia Palazzollo, <em>Mise en sc\u00e8ne de la danse aux Expositions de Paris \u2013 1887-1937. Une fabrique du regard, <\/em>L\u2019\u0153il d\u2019or, Paris, 2017<\/p>\n<p>&nbsp;<\/p>\n","protected":false},"excerpt":{"rendered":"<p>Num\u00e9ro dirig\u00e9 par Sylvain Demarthe &nbsp; Articles \u2013 Camille Chevallier, La librairie-galerie La Hune (1944-1975)\u00a0: un espace de monstration privil\u00e9gi\u00e9 pour l\u2019art de l\u2019estampe \u2013 Sophie Ducret, Exposer des peintures murales m\u00e9di\u00e9vales : l\u2019exemple du parcours d\u2019art roman du Museu Nacional d\u2019Art de Catalunya (Barcelone) \u2013 Julie Lageyre,\u00a0S\u2019exposer \u00e0 l\u2019\u00e9tranger. La peinture anglaise contemporaine au &hellip; <a href=\"https:\/\/www.revue-exposition.com\/index.php\/sommaire-4\/2018\/%20\" class=\"more-link\">Continuer la lecture<span class=\"screen-reader-text\"> de &laquo;&nbsp;4\/2018 &#8211; Varia&nbsp;&raquo;<\/span><\/a><\/p>\n","protected":false},"author":1,"featured_media":0,"comment_status":"open","ping_status":"open","sticky":false,"template":"","format":"standard","meta":{"jetpack_post_was_ever_published":false,"_jetpack_newsletter_access":"","_jetpack_dont_email_post_to_subs":false,"_jetpack_newsletter_tier_id":0,"_jetpack_memberships_contains_paywalled_content":false,"_jetpack_memberships_contains_paid_content":false,"footnotes":"","jetpack_publicize_message":"","jetpack_publicize_feature_enabled":true,"jetpack_social_post_already_shared":true,"jetpack_social_options":{"image_generator_settings":{"template":"highway","default_image_id":0,"font":"","enabled":false},"version":2}},"categories":[153],"tags":[33,77],"class_list":["post-1199","post","type-post","status-publish","format-standard","hentry","category-sommaire-4","tag-exposition","tag-revue-exposition"],"yoast_head":"<!-- This site is optimized with the Yoast SEO plugin v27.0 - https:\/\/yoast.com\/product\/yoast-seo-wordpress\/ -->\n<title>4\/2018 - Varia - exPosition<\/title>\n<meta name=\"robots\" content=\"index, follow, max-snippet:-1, max-image-preview:large, max-video-preview:-1\" \/>\n<link rel=\"canonical\" href=\"https:\/\/www.revue-exposition.com\/index.php\/sommaire-4\/2018\/%20\" \/>\n<meta property=\"og:locale\" content=\"fr_FR\" \/>\n<meta property=\"og:type\" content=\"article\" \/>\n<meta property=\"og:title\" content=\"4\/2018 - Varia - exPosition\" \/>\n<meta property=\"og:description\" content=\"Num\u00e9ro dirig\u00e9 par Sylvain Demarthe &nbsp; Articles \u2013 Camille Chevallier, La librairie-galerie La Hune (1944-1975)\u00a0: un espace de monstration privil\u00e9gi\u00e9 pour l\u2019art de l\u2019estampe \u2013 Sophie Ducret, Exposer des peintures murales m\u00e9di\u00e9vales : l\u2019exemple du parcours d\u2019art roman du Museu Nacional d\u2019Art de Catalunya (Barcelone) \u2013 Julie Lageyre,\u00a0S\u2019exposer \u00e0 l\u2019\u00e9tranger. La peinture anglaise contemporaine au &hellip; Continuer la lecture de &laquo;&nbsp;4\/2018 &#8211; Varia&nbsp;&raquo;\" \/>\n<meta property=\"og:url\" content=\"https:\/\/www.revue-exposition.com\/index.php\/sommaire-4\/2018\/ \" \/>\n<meta property=\"og:site_name\" content=\"exPosition\" \/>\n<meta property=\"article:published_time\" content=\"2018-06-19T07:50:18+00:00\" \/>\n<meta property=\"article:modified_time\" content=\"2022-12-12T12:49:13+00:00\" \/>\n<meta name=\"author\" content=\"exPosition\" \/>\n<meta name=\"twitter:card\" content=\"summary_large_image\" \/>\n<meta name=\"twitter:label1\" content=\"\u00c9crit par\" \/>\n\t<meta name=\"twitter:data1\" content=\"exPosition\" \/>\n\t<meta name=\"twitter:label2\" content=\"Dur\u00e9e de lecture estim\u00e9e\" \/>\n\t<meta name=\"twitter:data2\" content=\"1 minute\" \/>\n<script type=\"application\/ld+json\" class=\"yoast-schema-graph\">{\"@context\":\"https:\/\/schema.org\",\"@graph\":[{\"@type\":\"Article\",\"@id\":\"https:\/\/www.revue-exposition.com\/index.php\/sommaire-4\/2018\/%20#article\",\"isPartOf\":{\"@id\":\"https:\/\/www.revue-exposition.com\/index.php\/sommaire-4\/2018\/%20\"},\"author\":{\"name\":\"exPosition\",\"@id\":\"https:\/\/www.revue-exposition.com\/#\/schema\/person\/8fafe6c191f1653d02ba2e39934a0ad5\"},\"headline\":\"4\/2018 &#8211; Varia\",\"datePublished\":\"2018-06-19T07:50:18+00:00\",\"dateModified\":\"2022-12-12T12:49:13+00:00\",\"mainEntityOfPage\":{\"@id\":\"https:\/\/www.revue-exposition.com\/index.php\/sommaire-4\/2018\/%20\"},\"wordCount\":135,\"commentCount\":0,\"publisher\":{\"@id\":\"https:\/\/www.revue-exposition.com\/#organization\"},\"keywords\":[\"exposition\",\"revue-exposition\"],\"articleSection\":[\"Sommaire 4\/2018\"],\"inLanguage\":\"fr-FR\",\"potentialAction\":[{\"@type\":\"CommentAction\",\"name\":\"Comment\",\"target\":[\"https:\/\/www.revue-exposition.com\/index.php\/sommaire-4\/2018\/%20#respond\"]}]},{\"@type\":\"WebPage\",\"@id\":\"https:\/\/www.revue-exposition.com\/index.php\/sommaire-4\/2018\/%20\",\"url\":\"https:\/\/www.revue-exposition.com\/index.php\/sommaire-4\/2018\/%20\",\"name\":\"4\/2018 - Varia - exPosition\",\"isPartOf\":{\"@id\":\"https:\/\/www.revue-exposition.com\/#website\"},\"datePublished\":\"2018-06-19T07:50:18+00:00\",\"dateModified\":\"2022-12-12T12:49:13+00:00\",\"breadcrumb\":{\"@id\":\"https:\/\/www.revue-exposition.com\/index.php\/sommaire-4\/2018\/%20#breadcrumb\"},\"inLanguage\":\"fr-FR\",\"potentialAction\":[{\"@type\":\"ReadAction\",\"target\":[\"https:\/\/www.revue-exposition.com\/index.php\/sommaire-4\/2018\/%20\"]}]},{\"@type\":\"BreadcrumbList\",\"@id\":\"https:\/\/www.revue-exposition.com\/index.php\/sommaire-4\/2018\/%20#breadcrumb\",\"itemListElement\":[{\"@type\":\"ListItem\",\"position\":1,\"name\":\"Accueil\",\"item\":\"https:\/\/www.revue-exposition.com\/\"},{\"@type\":\"ListItem\",\"position\":2,\"name\":\"Sommaire 4\/2018\",\"item\":\"https:\/\/www.revue-exposition.com\/index.php\/category\/sommaire-4\"},{\"@type\":\"ListItem\",\"position\":3,\"name\":\"4\/2018 &#8211; Varia\"}]},{\"@type\":\"WebSite\",\"@id\":\"https:\/\/www.revue-exposition.com\/#website\",\"url\":\"https:\/\/www.revue-exposition.com\/\",\"name\":\"exPosition\",\"description\":\"Revue d&#039;analyse des enjeux propres \u00e0 l&#039;exposition des \u0153uvres et objets d&#039;art\",\"publisher\":{\"@id\":\"https:\/\/www.revue-exposition.com\/#organization\"},\"potentialAction\":[{\"@type\":\"SearchAction\",\"target\":{\"@type\":\"EntryPoint\",\"urlTemplate\":\"https:\/\/www.revue-exposition.com\/?s={search_term_string}\"},\"query-input\":{\"@type\":\"PropertyValueSpecification\",\"valueRequired\":true,\"valueName\":\"search_term_string\"}}],\"inLanguage\":\"fr-FR\"},{\"@type\":\"Organization\",\"@id\":\"https:\/\/www.revue-exposition.com\/#organization\",\"name\":\"exPosition\",\"url\":\"https:\/\/www.revue-exposition.com\/\",\"logo\":{\"@type\":\"ImageObject\",\"inLanguage\":\"fr-FR\",\"@id\":\"https:\/\/www.revue-exposition.com\/#\/schema\/logo\/image\/\",\"url\":\"https:\/\/i2.wp.com\/www.revue-exposition.com\/wp-content\/uploads\/2016\/06\/cropped-logo-rond-noir.jpg?fit=512%2C512\",\"contentUrl\":\"https:\/\/i2.wp.com\/www.revue-exposition.com\/wp-content\/uploads\/2016\/06\/cropped-logo-rond-noir.jpg?fit=512%2C512\",\"width\":512,\"height\":512,\"caption\":\"exPosition\"},\"image\":{\"@id\":\"https:\/\/www.revue-exposition.com\/#\/schema\/logo\/image\/\"}},{\"@type\":\"Person\",\"@id\":\"https:\/\/www.revue-exposition.com\/#\/schema\/person\/8fafe6c191f1653d02ba2e39934a0ad5\",\"name\":\"exPosition\",\"url\":\"https:\/\/www.revue-exposition.com\/index.php\/author\/helcar\"}]}<\/script>\n<!-- \/ Yoast SEO plugin. -->","yoast_head_json":{"title":"4\/2018 - Varia - exPosition","robots":{"index":"index","follow":"follow","max-snippet":"max-snippet:-1","max-image-preview":"max-image-preview:large","max-video-preview":"max-video-preview:-1"},"canonical":"https:\/\/www.revue-exposition.com\/index.php\/sommaire-4\/2018\/ ","og_locale":"fr_FR","og_type":"article","og_title":"4\/2018 - Varia - exPosition","og_description":"Num\u00e9ro dirig\u00e9 par Sylvain Demarthe &nbsp; Articles \u2013 Camille Chevallier, La librairie-galerie La Hune (1944-1975)\u00a0: un espace de monstration privil\u00e9gi\u00e9 pour l\u2019art de l\u2019estampe \u2013 Sophie Ducret, Exposer des peintures murales m\u00e9di\u00e9vales : l\u2019exemple du parcours d\u2019art roman du Museu Nacional d\u2019Art de Catalunya (Barcelone) \u2013 Julie Lageyre,\u00a0S\u2019exposer \u00e0 l\u2019\u00e9tranger. La peinture anglaise contemporaine au &hellip; Continuer la lecture de &laquo;&nbsp;4\/2018 &#8211; Varia&nbsp;&raquo;","og_url":"https:\/\/www.revue-exposition.com\/index.php\/sommaire-4\/2018\/ ","og_site_name":"exPosition","article_published_time":"2018-06-19T07:50:18+00:00","article_modified_time":"2022-12-12T12:49:13+00:00","author":"exPosition","twitter_card":"summary_large_image","twitter_misc":{"\u00c9crit par":"exPosition","Dur\u00e9e de lecture estim\u00e9e":"1 minute"},"schema":{"@context":"https:\/\/schema.org","@graph":[{"@type":"Article","@id":"https:\/\/www.revue-exposition.com\/index.php\/sommaire-4\/2018\/%20#article","isPartOf":{"@id":"https:\/\/www.revue-exposition.com\/index.php\/sommaire-4\/2018\/%20"},"author":{"name":"exPosition","@id":"https:\/\/www.revue-exposition.com\/#\/schema\/person\/8fafe6c191f1653d02ba2e39934a0ad5"},"headline":"4\/2018 &#8211; Varia","datePublished":"2018-06-19T07:50:18+00:00","dateModified":"2022-12-12T12:49:13+00:00","mainEntityOfPage":{"@id":"https:\/\/www.revue-exposition.com\/index.php\/sommaire-4\/2018\/%20"},"wordCount":135,"commentCount":0,"publisher":{"@id":"https:\/\/www.revue-exposition.com\/#organization"},"keywords":["exposition","revue-exposition"],"articleSection":["Sommaire 4\/2018"],"inLanguage":"fr-FR","potentialAction":[{"@type":"CommentAction","name":"Comment","target":["https:\/\/www.revue-exposition.com\/index.php\/sommaire-4\/2018\/%20#respond"]}]},{"@type":"WebPage","@id":"https:\/\/www.revue-exposition.com\/index.php\/sommaire-4\/2018\/%20","url":"https:\/\/www.revue-exposition.com\/index.php\/sommaire-4\/2018\/%20","name":"4\/2018 - Varia - exPosition","isPartOf":{"@id":"https:\/\/www.revue-exposition.com\/#website"},"datePublished":"2018-06-19T07:50:18+00:00","dateModified":"2022-12-12T12:49:13+00:00","breadcrumb":{"@id":"https:\/\/www.revue-exposition.com\/index.php\/sommaire-4\/2018\/%20#breadcrumb"},"inLanguage":"fr-FR","potentialAction":[{"@type":"ReadAction","target":["https:\/\/www.revue-exposition.com\/index.php\/sommaire-4\/2018\/%20"]}]},{"@type":"BreadcrumbList","@id":"https:\/\/www.revue-exposition.com\/index.php\/sommaire-4\/2018\/%20#breadcrumb","itemListElement":[{"@type":"ListItem","position":1,"name":"Accueil","item":"https:\/\/www.revue-exposition.com\/"},{"@type":"ListItem","position":2,"name":"Sommaire 4\/2018","item":"https:\/\/www.revue-exposition.com\/index.php\/category\/sommaire-4"},{"@type":"ListItem","position":3,"name":"4\/2018 &#8211; Varia"}]},{"@type":"WebSite","@id":"https:\/\/www.revue-exposition.com\/#website","url":"https:\/\/www.revue-exposition.com\/","name":"exPosition","description":"Revue d&#039;analyse des enjeux propres \u00e0 l&#039;exposition des \u0153uvres et objets d&#039;art","publisher":{"@id":"https:\/\/www.revue-exposition.com\/#organization"},"potentialAction":[{"@type":"SearchAction","target":{"@type":"EntryPoint","urlTemplate":"https:\/\/www.revue-exposition.com\/?s={search_term_string}"},"query-input":{"@type":"PropertyValueSpecification","valueRequired":true,"valueName":"search_term_string"}}],"inLanguage":"fr-FR"},{"@type":"Organization","@id":"https:\/\/www.revue-exposition.com\/#organization","name":"exPosition","url":"https:\/\/www.revue-exposition.com\/","logo":{"@type":"ImageObject","inLanguage":"fr-FR","@id":"https:\/\/www.revue-exposition.com\/#\/schema\/logo\/image\/","url":"https:\/\/i2.wp.com\/www.revue-exposition.com\/wp-content\/uploads\/2016\/06\/cropped-logo-rond-noir.jpg?fit=512%2C512","contentUrl":"https:\/\/i2.wp.com\/www.revue-exposition.com\/wp-content\/uploads\/2016\/06\/cropped-logo-rond-noir.jpg?fit=512%2C512","width":512,"height":512,"caption":"exPosition"},"image":{"@id":"https:\/\/www.revue-exposition.com\/#\/schema\/logo\/image\/"}},{"@type":"Person","@id":"https:\/\/www.revue-exposition.com\/#\/schema\/person\/8fafe6c191f1653d02ba2e39934a0ad5","name":"exPosition","url":"https:\/\/www.revue-exposition.com\/index.php\/author\/helcar"}]}},"jetpack_publicize_connections":[],"jetpack_featured_media_url":"","jetpack_sharing_enabled":true,"jetpack_shortlink":"https:\/\/wp.me\/s7FaMB-2018","_links":{"self":[{"href":"https:\/\/www.revue-exposition.com\/index.php\/wp-json\/wp\/v2\/posts\/1199","targetHints":{"allow":["GET"]}}],"collection":[{"href":"https:\/\/www.revue-exposition.com\/index.php\/wp-json\/wp\/v2\/posts"}],"about":[{"href":"https:\/\/www.revue-exposition.com\/index.php\/wp-json\/wp\/v2\/types\/post"}],"author":[{"embeddable":true,"href":"https:\/\/www.revue-exposition.com\/index.php\/wp-json\/wp\/v2\/users\/1"}],"replies":[{"embeddable":true,"href":"https:\/\/www.revue-exposition.com\/index.php\/wp-json\/wp\/v2\/comments?post=1199"}],"version-history":[{"count":18,"href":"https:\/\/www.revue-exposition.com\/index.php\/wp-json\/wp\/v2\/posts\/1199\/revisions"}],"predecessor-version":[{"id":2514,"href":"https:\/\/www.revue-exposition.com\/index.php\/wp-json\/wp\/v2\/posts\/1199\/revisions\/2514"}],"wp:attachment":[{"href":"https:\/\/www.revue-exposition.com\/index.php\/wp-json\/wp\/v2\/media?parent=1199"}],"wp:term":[{"taxonomy":"category","embeddable":true,"href":"https:\/\/www.revue-exposition.com\/index.php\/wp-json\/wp\/v2\/categories?post=1199"},{"taxonomy":"post_tag","embeddable":true,"href":"https:\/\/www.revue-exposition.com\/index.php\/wp-json\/wp\/v2\/tags?post=1199"}],"curies":[{"name":"wp","href":"https:\/\/api.w.org\/{rel}","templated":true}]}}