{"id":1751,"date":"2021-02-16T10:04:22","date_gmt":"2021-02-16T09:04:22","guid":{"rendered":"http:\/\/www.revue-exposition.com\/?p=1751"},"modified":"2021-10-19T11:35:18","modified_gmt":"2021-10-19T10:35:18","slug":"2021","status":"publish","type":"post","link":"https:\/\/www.revue-exposition.com\/index.php\/sommaire-6-1\/2021\/%20","title":{"rendered":"6-1\/2021 &#8211; Doublement expos\u00e9e &#8211; Varia"},"content":{"rendered":"<p style=\"text-align: justify;\"><strong>Introduction<\/strong><\/p>\n<p style=\"text-align: justify;\">&#8211; Christine Bernier, <a href=\"https:\/\/www.revue-exposition.com\/index.php\/articles6-1\/bernier-introduction\/\">Doublement expos\u00e9e ou l&rsquo;h\u00e9ritage th\u00e9orique de Mieke Bal<\/a><\/p>\n<p style=\"text-align: justify;\"><strong>Doublement expos\u00e9e (dossier dirig\u00e9 par Christine Bernier)<\/strong><\/p>\n<p style=\"text-align: justify;\">&#8211; Katrie Chagnon, <a href=\"https:\/\/www.revue-exposition.com\/index.php\/articles6-1\/chagnon-exposer-peuples-soulevements-didi-huberman-paris-montreal\">Exposer les peuples, s&rsquo;exposer aux peuples : les <em>Soul\u00e8vements <\/em>de Georges Didi-Huberman entre Paris et Montr\u00e9al<\/a><\/p>\n<p style=\"text-align: justify;\">&#8211; Ivana Dizdar, <a href=\"https:\/\/www.revue-exposition.com\/index.php\/articles6-1\/dizdar-camp-mouvement-versailles-met\"><i>Camp <\/i>en mouvement de Versailles au Met\u00a0:\u00a0\u00c9lisabeth Vig\u00e9e Le Brun et Marie-Antoinette<\/a><\/p>\n<p style=\"text-align: justify;\">&#8211; Florence-Agathe Dub\u00e9-Moreau, <a href=\"https:\/\/www.revue-exposition.com\/index.php\/articles6-1\/dube-moreau-reprendre-en-echos\">Reprendre en \u00e9cho(s). Effets et enjeux de la reconstitution d&rsquo;exposition sur le champ mus\u00e9ologique<\/a><\/p>\n<p style=\"text-align: justify;\">&#8211; Marie J. Jean, <a href=\"https:\/\/www.revue-exposition.com\/index.php\/articles6-1\/jean-salon-fleurus\">Le Salon de Fleurus : la m\u00e9tahistoire d&rsquo;une exposition<\/a><\/p>\n<p style=\"text-align: justify;\">&#8211; Karine Bouchard, <a href=\"https:\/\/www.revue-exposition.com\/index.php\/articles6-1\/bouchard-architecture-aurale-lieux-exposition\">L&rsquo;architecture aurale des lieux d&rsquo;exposition, du Met Cloisters au MoMA. Glissements et mutations de l&rsquo;exp\u00e9rience de l&rsquo;\u0153uvre sonore<\/a><\/p>\n<p style=\"text-align: justify;\">&#8211; Maki Cappe, <a href=\"https:\/\/www.revue-exposition.com\/index.php\/articles6-1\/cappe-poser-exposer-reexposer\">Poser, exposer, r\u00e9exposer : transformation des regards \u00e0\/sur l&rsquo;\u0153uvre<\/a><\/p>\n<p style=\"text-align: justify;\"><strong>Varia<\/strong><\/p>\n<p style=\"text-align: justify;\">&#8211; In\u00e8s Chiab, <a href=\"https:\/\/www.revue-exposition.com\/index.php\/articles6-1\/chiab-retrospective-suisse-martin-barre\">La r\u00e9trospective suisse de Martin Barr\u00e9 : quand l&rsquo;espace d&rsquo;exposition se fait pleinement peinture<\/a><\/p>\n<p style=\"text-align: justify;\">\n","protected":false},"excerpt":{"rendered":"<p>Introduction &#8211; Christine Bernier, Doublement expos\u00e9e ou l&rsquo;h\u00e9ritage th\u00e9orique de Mieke Bal Doublement expos\u00e9e (dossier dirig\u00e9 par Christine Bernier) &#8211; Katrie Chagnon, Exposer les peuples, s&rsquo;exposer aux peuples : les Soul\u00e8vements de Georges Didi-Huberman entre Paris et Montr\u00e9al &#8211; Ivana Dizdar, Camp en mouvement de Versailles au Met\u00a0:\u00a0\u00c9lisabeth Vig\u00e9e Le Brun et Marie-Antoinette &#8211; Florence-Agathe &hellip; <a href=\"https:\/\/www.revue-exposition.com\/index.php\/sommaire-6-1\/2021\/%20\" class=\"more-link\">Continuer la lecture<span class=\"screen-reader-text\"> de &laquo;&nbsp;6-1\/2021 &#8211; Doublement expos\u00e9e &#8211; Varia&nbsp;&raquo;<\/span><\/a><\/p>\n","protected":false},"author":1,"featured_media":0,"comment_status":"open","ping_status":"open","sticky":false,"template":"","format":"standard","meta":{"jetpack_post_was_ever_published":false,"_jetpack_newsletter_access":"","_jetpack_dont_email_post_to_subs":false,"_jetpack_newsletter_tier_id":0,"_jetpack_memberships_contains_paywalled_content":false,"_jetpack_memberships_contains_paid_content":false,"footnotes":"","jetpack_publicize_message":"","jetpack_publicize_feature_enabled":true,"jetpack_social_post_already_shared":true,"jetpack_social_options":{"image_generator_settings":{"template":"highway","default_image_id":0,"font":"","enabled":false},"version":2}},"categories":[210],"tags":[212,33,77,211],"class_list":["post-1751","post","type-post","status-publish","format-standard","hentry","category-sommaire-6-1","tag-doublement-exposee","tag-exposition","tag-revue-exposition","tag-sommaire"],"yoast_head":"<!-- This site is optimized with the Yoast SEO plugin v27.0 - https:\/\/yoast.com\/product\/yoast-seo-wordpress\/ -->\n<title>6-1\/2021 - Doublement expos\u00e9e - Varia - exPosition<\/title>\n<meta name=\"description\" content=\"Sommaire du n\u00b0 6-1 de la revue exPosition : &quot;Doublement expos\u00e9e \/ Varia&quot;\" \/>\n<meta name=\"robots\" content=\"index, follow, max-snippet:-1, max-image-preview:large, max-video-preview:-1\" \/>\n<link rel=\"canonical\" href=\"https:\/\/www.revue-exposition.com\/index.php\/sommaire-6-1\/2021\/%20\" \/>\n<meta property=\"og:locale\" content=\"fr_FR\" \/>\n<meta property=\"og:type\" content=\"article\" \/>\n<meta property=\"og:title\" content=\"6-1\/2021 - Doublement expos\u00e9e - Varia - exPosition\" \/>\n<meta property=\"og:description\" content=\"Sommaire du n\u00b0 6-1 de la revue exPosition : &quot;Doublement expos\u00e9e \/ Varia&quot;\" \/>\n<meta property=\"og:url\" content=\"https:\/\/www.revue-exposition.com\/index.php\/sommaire-6-1\/2021\/ \" \/>\n<meta property=\"og:site_name\" content=\"exPosition\" \/>\n<meta property=\"article:published_time\" content=\"2021-02-16T09:04:22+00:00\" \/>\n<meta property=\"article:modified_time\" content=\"2021-10-19T10:35:18+00:00\" \/>\n<meta name=\"author\" content=\"exPosition\" \/>\n<meta name=\"twitter:card\" content=\"summary_large_image\" \/>\n<meta name=\"twitter:label1\" content=\"\u00c9crit par\" \/>\n\t<meta name=\"twitter:data1\" content=\"exPosition\" \/>\n\t<meta name=\"twitter:label2\" content=\"Dur\u00e9e de lecture estim\u00e9e\" \/>\n\t<meta name=\"twitter:data2\" content=\"1 minute\" \/>\n<script type=\"application\/ld+json\" class=\"yoast-schema-graph\">{\"@context\":\"https:\/\/schema.org\",\"@graph\":[{\"@type\":\"Article\",\"@id\":\"https:\/\/www.revue-exposition.com\/index.php\/sommaire-6-1\/2021\/%20#article\",\"isPartOf\":{\"@id\":\"https:\/\/www.revue-exposition.com\/index.php\/sommaire-6-1\/2021\/%20\"},\"author\":{\"name\":\"exPosition\",\"@id\":\"https:\/\/www.revue-exposition.com\/#\/schema\/person\/8fafe6c191f1653d02ba2e39934a0ad5\"},\"headline\":\"6-1\/2021 &#8211; Doublement expos\u00e9e &#8211; Varia\",\"datePublished\":\"2021-02-16T09:04:22+00:00\",\"dateModified\":\"2021-10-19T10:35:18+00:00\",\"mainEntityOfPage\":{\"@id\":\"https:\/\/www.revue-exposition.com\/index.php\/sommaire-6-1\/2021\/%20\"},\"wordCount\":155,\"commentCount\":0,\"publisher\":{\"@id\":\"https:\/\/www.revue-exposition.com\/#organization\"},\"keywords\":[\"doublement expos\u00e9e\",\"exposition\",\"revue-exposition\",\"sommaire\"],\"articleSection\":[\"Sommaire 6-1\/2021\"],\"inLanguage\":\"fr-FR\",\"potentialAction\":[{\"@type\":\"CommentAction\",\"name\":\"Comment\",\"target\":[\"https:\/\/www.revue-exposition.com\/index.php\/sommaire-6-1\/2021\/%20#respond\"]}]},{\"@type\":\"WebPage\",\"@id\":\"https:\/\/www.revue-exposition.com\/index.php\/sommaire-6-1\/2021\/%20\",\"url\":\"https:\/\/www.revue-exposition.com\/index.php\/sommaire-6-1\/2021\/%20\",\"name\":\"6-1\/2021 - Doublement expos\u00e9e - Varia - exPosition\",\"isPartOf\":{\"@id\":\"https:\/\/www.revue-exposition.com\/#website\"},\"datePublished\":\"2021-02-16T09:04:22+00:00\",\"dateModified\":\"2021-10-19T10:35:18+00:00\",\"description\":\"Sommaire du n\u00b0 6-1 de la revue exPosition : \\\"Doublement expos\u00e9e \/ Varia\\\"\",\"breadcrumb\":{\"@id\":\"https:\/\/www.revue-exposition.com\/index.php\/sommaire-6-1\/2021\/%20#breadcrumb\"},\"inLanguage\":\"fr-FR\",\"potentialAction\":[{\"@type\":\"ReadAction\",\"target\":[\"https:\/\/www.revue-exposition.com\/index.php\/sommaire-6-1\/2021\/%20\"]}]},{\"@type\":\"BreadcrumbList\",\"@id\":\"https:\/\/www.revue-exposition.com\/index.php\/sommaire-6-1\/2021\/%20#breadcrumb\",\"itemListElement\":[{\"@type\":\"ListItem\",\"position\":1,\"name\":\"Accueil\",\"item\":\"https:\/\/www.revue-exposition.com\/\"},{\"@type\":\"ListItem\",\"position\":2,\"name\":\"Sommaire 6-1\/2021\",\"item\":\"https:\/\/www.revue-exposition.com\/index.php\/category\/sommaire-6-1\"},{\"@type\":\"ListItem\",\"position\":3,\"name\":\"6-1\/2021 &#8211; Doublement expos\u00e9e &#8211; Varia\"}]},{\"@type\":\"WebSite\",\"@id\":\"https:\/\/www.revue-exposition.com\/#website\",\"url\":\"https:\/\/www.revue-exposition.com\/\",\"name\":\"exPosition\",\"description\":\"Revue d&#039;analyse des enjeux propres \u00e0 l&#039;exposition des \u0153uvres et objets d&#039;art\",\"publisher\":{\"@id\":\"https:\/\/www.revue-exposition.com\/#organization\"},\"potentialAction\":[{\"@type\":\"SearchAction\",\"target\":{\"@type\":\"EntryPoint\",\"urlTemplate\":\"https:\/\/www.revue-exposition.com\/?s={search_term_string}\"},\"query-input\":{\"@type\":\"PropertyValueSpecification\",\"valueRequired\":true,\"valueName\":\"search_term_string\"}}],\"inLanguage\":\"fr-FR\"},{\"@type\":\"Organization\",\"@id\":\"https:\/\/www.revue-exposition.com\/#organization\",\"name\":\"exPosition\",\"url\":\"https:\/\/www.revue-exposition.com\/\",\"logo\":{\"@type\":\"ImageObject\",\"inLanguage\":\"fr-FR\",\"@id\":\"https:\/\/www.revue-exposition.com\/#\/schema\/logo\/image\/\",\"url\":\"https:\/\/i2.wp.com\/www.revue-exposition.com\/wp-content\/uploads\/2016\/06\/cropped-logo-rond-noir.jpg?fit=512%2C512\",\"contentUrl\":\"https:\/\/i2.wp.com\/www.revue-exposition.com\/wp-content\/uploads\/2016\/06\/cropped-logo-rond-noir.jpg?fit=512%2C512\",\"width\":512,\"height\":512,\"caption\":\"exPosition\"},\"image\":{\"@id\":\"https:\/\/www.revue-exposition.com\/#\/schema\/logo\/image\/\"}},{\"@type\":\"Person\",\"@id\":\"https:\/\/www.revue-exposition.com\/#\/schema\/person\/8fafe6c191f1653d02ba2e39934a0ad5\",\"name\":\"exPosition\",\"url\":\"https:\/\/www.revue-exposition.com\/index.php\/author\/helcar\"}]}<\/script>\n<!-- \/ Yoast SEO plugin. -->","yoast_head_json":{"title":"6-1\/2021 - Doublement expos\u00e9e - Varia - exPosition","description":"Sommaire du n\u00b0 6-1 de la revue exPosition : \"Doublement expos\u00e9e \/ Varia\"","robots":{"index":"index","follow":"follow","max-snippet":"max-snippet:-1","max-image-preview":"max-image-preview:large","max-video-preview":"max-video-preview:-1"},"canonical":"https:\/\/www.revue-exposition.com\/index.php\/sommaire-6-1\/2021\/ ","og_locale":"fr_FR","og_type":"article","og_title":"6-1\/2021 - Doublement expos\u00e9e - Varia - exPosition","og_description":"Sommaire du n\u00b0 6-1 de la revue exPosition : \"Doublement expos\u00e9e \/ Varia\"","og_url":"https:\/\/www.revue-exposition.com\/index.php\/sommaire-6-1\/2021\/ ","og_site_name":"exPosition","article_published_time":"2021-02-16T09:04:22+00:00","article_modified_time":"2021-10-19T10:35:18+00:00","author":"exPosition","twitter_card":"summary_large_image","twitter_misc":{"\u00c9crit par":"exPosition","Dur\u00e9e de lecture estim\u00e9e":"1 minute"},"schema":{"@context":"https:\/\/schema.org","@graph":[{"@type":"Article","@id":"https:\/\/www.revue-exposition.com\/index.php\/sommaire-6-1\/2021\/%20#article","isPartOf":{"@id":"https:\/\/www.revue-exposition.com\/index.php\/sommaire-6-1\/2021\/%20"},"author":{"name":"exPosition","@id":"https:\/\/www.revue-exposition.com\/#\/schema\/person\/8fafe6c191f1653d02ba2e39934a0ad5"},"headline":"6-1\/2021 &#8211; Doublement expos\u00e9e &#8211; Varia","datePublished":"2021-02-16T09:04:22+00:00","dateModified":"2021-10-19T10:35:18+00:00","mainEntityOfPage":{"@id":"https:\/\/www.revue-exposition.com\/index.php\/sommaire-6-1\/2021\/%20"},"wordCount":155,"commentCount":0,"publisher":{"@id":"https:\/\/www.revue-exposition.com\/#organization"},"keywords":["doublement expos\u00e9e","exposition","revue-exposition","sommaire"],"articleSection":["Sommaire 6-1\/2021"],"inLanguage":"fr-FR","potentialAction":[{"@type":"CommentAction","name":"Comment","target":["https:\/\/www.revue-exposition.com\/index.php\/sommaire-6-1\/2021\/%20#respond"]}]},{"@type":"WebPage","@id":"https:\/\/www.revue-exposition.com\/index.php\/sommaire-6-1\/2021\/%20","url":"https:\/\/www.revue-exposition.com\/index.php\/sommaire-6-1\/2021\/%20","name":"6-1\/2021 - Doublement expos\u00e9e - Varia - exPosition","isPartOf":{"@id":"https:\/\/www.revue-exposition.com\/#website"},"datePublished":"2021-02-16T09:04:22+00:00","dateModified":"2021-10-19T10:35:18+00:00","description":"Sommaire du n\u00b0 6-1 de la revue exPosition : \"Doublement expos\u00e9e \/ Varia\"","breadcrumb":{"@id":"https:\/\/www.revue-exposition.com\/index.php\/sommaire-6-1\/2021\/%20#breadcrumb"},"inLanguage":"fr-FR","potentialAction":[{"@type":"ReadAction","target":["https:\/\/www.revue-exposition.com\/index.php\/sommaire-6-1\/2021\/%20"]}]},{"@type":"BreadcrumbList","@id":"https:\/\/www.revue-exposition.com\/index.php\/sommaire-6-1\/2021\/%20#breadcrumb","itemListElement":[{"@type":"ListItem","position":1,"name":"Accueil","item":"https:\/\/www.revue-exposition.com\/"},{"@type":"ListItem","position":2,"name":"Sommaire 6-1\/2021","item":"https:\/\/www.revue-exposition.com\/index.php\/category\/sommaire-6-1"},{"@type":"ListItem","position":3,"name":"6-1\/2021 &#8211; Doublement expos\u00e9e &#8211; Varia"}]},{"@type":"WebSite","@id":"https:\/\/www.revue-exposition.com\/#website","url":"https:\/\/www.revue-exposition.com\/","name":"exPosition","description":"Revue d&#039;analyse des enjeux propres \u00e0 l&#039;exposition des \u0153uvres et objets d&#039;art","publisher":{"@id":"https:\/\/www.revue-exposition.com\/#organization"},"potentialAction":[{"@type":"SearchAction","target":{"@type":"EntryPoint","urlTemplate":"https:\/\/www.revue-exposition.com\/?s={search_term_string}"},"query-input":{"@type":"PropertyValueSpecification","valueRequired":true,"valueName":"search_term_string"}}],"inLanguage":"fr-FR"},{"@type":"Organization","@id":"https:\/\/www.revue-exposition.com\/#organization","name":"exPosition","url":"https:\/\/www.revue-exposition.com\/","logo":{"@type":"ImageObject","inLanguage":"fr-FR","@id":"https:\/\/www.revue-exposition.com\/#\/schema\/logo\/image\/","url":"https:\/\/i2.wp.com\/www.revue-exposition.com\/wp-content\/uploads\/2016\/06\/cropped-logo-rond-noir.jpg?fit=512%2C512","contentUrl":"https:\/\/i2.wp.com\/www.revue-exposition.com\/wp-content\/uploads\/2016\/06\/cropped-logo-rond-noir.jpg?fit=512%2C512","width":512,"height":512,"caption":"exPosition"},"image":{"@id":"https:\/\/www.revue-exposition.com\/#\/schema\/logo\/image\/"}},{"@type":"Person","@id":"https:\/\/www.revue-exposition.com\/#\/schema\/person\/8fafe6c191f1653d02ba2e39934a0ad5","name":"exPosition","url":"https:\/\/www.revue-exposition.com\/index.php\/author\/helcar"}]}},"jetpack_publicize_connections":[],"jetpack_featured_media_url":"","jetpack_sharing_enabled":true,"jetpack_shortlink":"https:\/\/wp.me\/s7FaMB-2021","_links":{"self":[{"href":"https:\/\/www.revue-exposition.com\/index.php\/wp-json\/wp\/v2\/posts\/1751","targetHints":{"allow":["GET"]}}],"collection":[{"href":"https:\/\/www.revue-exposition.com\/index.php\/wp-json\/wp\/v2\/posts"}],"about":[{"href":"https:\/\/www.revue-exposition.com\/index.php\/wp-json\/wp\/v2\/types\/post"}],"author":[{"embeddable":true,"href":"https:\/\/www.revue-exposition.com\/index.php\/wp-json\/wp\/v2\/users\/1"}],"replies":[{"embeddable":true,"href":"https:\/\/www.revue-exposition.com\/index.php\/wp-json\/wp\/v2\/comments?post=1751"}],"version-history":[{"count":12,"href":"https:\/\/www.revue-exposition.com\/index.php\/wp-json\/wp\/v2\/posts\/1751\/revisions"}],"predecessor-version":[{"id":1916,"href":"https:\/\/www.revue-exposition.com\/index.php\/wp-json\/wp\/v2\/posts\/1751\/revisions\/1916"}],"wp:attachment":[{"href":"https:\/\/www.revue-exposition.com\/index.php\/wp-json\/wp\/v2\/media?parent=1751"}],"wp:term":[{"taxonomy":"category","embeddable":true,"href":"https:\/\/www.revue-exposition.com\/index.php\/wp-json\/wp\/v2\/categories?post=1751"},{"taxonomy":"post_tag","embeddable":true,"href":"https:\/\/www.revue-exposition.com\/index.php\/wp-json\/wp\/v2\/tags?post=1751"}],"curies":[{"name":"wp","href":"https:\/\/api.w.org\/{rel}","templated":true}]}}