{"id":207,"date":"2016-05-10T15:15:02","date_gmt":"2016-05-10T14:15:02","guid":{"rendered":"http:\/\/revueexpne.cluster003.ovh.net\/?p=207"},"modified":"2016-07-02T14:06:15","modified_gmt":"2016-07-02T13:06:15","slug":"dupeyrat-exposition-livres-artistes-ou-son-impossibilite","status":"publish","type":"post","link":"https:\/\/www.revue-exposition.com\/index.php\/articles\/dupeyrat-exposition-livres-artistes-ou-son-impossibilite\/%20","title":{"rendered":"L&rsquo;exposition des livres d&rsquo;artistes, ou son impossibilit\u00e9"},"content":{"rendered":"<h3>par J\u00e9r\u00f4me Dupeyrat<\/h3>\n<p>&nbsp;<\/p>\n<p style=\"text-align: justify;\"><em>&#8212;\u00a0<strong>J\u00e9r\u00f4me Dupeyrat<\/strong> (<a href=\"http:\/\/www.jrmdprt.net\/\">www.jrmdprt.net<\/a>) est historien de l&rsquo;art. Ses activit\u00e9s incluent la critique, l&rsquo;\u00e9dition (Bat \u00e9ditions \/ &lt;o&gt; future &lt;o&gt;), le commissariat d&rsquo;exposition, la recherche et l&rsquo;enseignement (en particulier \u00e0 l&rsquo;isdaT beaux-arts, o\u00f9 il est co-responsable du programme de recherche \u00ab\u00a0LabBooks \u2014 \u00e9critures \u00e9ditoriales\u00a0\u00bb). \u00c0 partir de recherches sur les livres d&rsquo;artistes (<\/em>Les livres d\u2019artistes entre pratiques alternatives \u00e0 l\u2019exposition et pratiques d\u2019exposition alternatives<em>, th\u00e8se sous la dir. de Leszek Brogowski, Universit\u00e9 Rennes 2, 2012), ses centres d&rsquo;int\u00e9r\u00eat se sont \u00e9tendus aux liens entre art et \u00e9dition ainsi qu&rsquo;\u00e0 l&rsquo;image consid\u00e9r\u00e9e d&rsquo;un point de vue interm\u00e9dial et m\u00e9dialogique. &#8212;<\/em><\/p>\n<p>&nbsp;<\/p>\n<p style=\"text-align: justify;\">Exposer des livres est un exercice dont l&rsquo;issue est souvent d\u00e9cevante, aussi bien pour les spectateurs-lecteurs que pour les commissaires d&rsquo;expositions, les auteurs, les \u00e9diteurs ou encore les graphistes.<\/p>\n<p style=\"text-align: justify;\">Dans le cas des livres d&rsquo;artistes, l&rsquo;exposition est un mode de visibilit\u00e9 qui s&rsquo;av\u00e8re d&rsquo;autant plus insatisfaisant qu&rsquo;\u00e0 bien des \u00e9gards, il entre en contradiction avec les valeurs inh\u00e9rentes \u00e0 cette pratique \u00e9ditoriale. Parce qu&rsquo;il rel\u00e8ve de l&rsquo;art, le statut de ces publications incite pourtant \u00e0 les exposer, comme en t\u00e9moigne la programmation des diverses institutions artistiques d\u00e9volues \u00e0 cette pratique<a href=\"#_ftn1\" name=\"_ftnref1\">[1]<\/a>, ou plus largement les nombreuses expositions qui lui ont \u00e9t\u00e9 consacr\u00e9es au cours des derni\u00e8res d\u00e9cennies \u2013 et plus particuli\u00e8rement ces dix \u00e0 quinze derni\u00e8res ann\u00e9es \u2013 dans des mus\u00e9es, des galeries, des centres d&rsquo;art, ou encore \u00e0 l&rsquo;occasion de salons d&rsquo;\u00e9dition<a href=\"#_ftn2\" name=\"_ftnref2\">[2]<\/a>.<\/p>\n<p style=\"text-align: justify;\">Les livres d&rsquo;artistes peuvent comporter aussi bien du texte que de l&rsquo;image (photographie, dessin, etc.), dans les proportions les plus vari\u00e9es. On ne peut les caract\u00e9riser formellement, mais seulement en fonction de l&rsquo;articulation qu&rsquo;il propose entre l&rsquo;art et l&rsquo;\u00e9dition. Con\u00e7us par des artistes qui font du livre un mode de cr\u00e9ation et de diffusion appropri\u00e9 \u00e0 leurs intentions artistiques, ils sont pleinement de l&rsquo;art tout en r\u00e9sultant de moyens d\u2019\u00e9dition contemporains. Ils se distinguent ainsi des catalogues et des livres d&rsquo;art, car ils ne sont pas \u00e0 propos de l&rsquo;art mais ont par eux-m\u00eames un statut artistique (certains peuvent sans difficult\u00e9 \u00eatre qualifi\u00e9 d&rsquo;\u00a0\u00ab\u00a0\u0153uvre d&rsquo;art\u00a0\u00bb, d&rsquo;autres r\u00e9sultent de d\u00e9marches pour lesquelles cette notion tend \u00e0 \u00eatre obsol\u00e8te). De m\u00eame, ils se distinguent des livres de bibliophilie rares et pr\u00e9cieux (livres illustr\u00e9s, livres de peintres, livres-objets), car ils ne cherchent pas \u00e0 esth\u00e9tiser le livre \u00e0 l&rsquo;aide de pratiques et de conventions issues de l&rsquo;artisanat ou des beaux-arts, mais visent plut\u00f4t \u00e0 d\u00e9placer dans le contexte artistique les strat\u00e9gies de l&rsquo;\u00e9dition et la culture du livre.<\/p>\n<p style=\"text-align: justify;\">L&rsquo;essor de ces livres \u00e0 partir des ann\u00e9es 1960-1970 est \u00e0 mettre en relation avec les courants, les formes et les proc\u00e9dures artistiques de l&rsquo;\u00e9poque, mais aussi avec une volont\u00e9 de trouver des alternatives aux contextes institutionnels et marchands de l&rsquo;art. Cette volont\u00e9 r\u00e9sultait tout autant d&rsquo;une n\u00e9cessit\u00e9 que d&rsquo;un parti-pris : une n\u00e9cessit\u00e9 pour une g\u00e9n\u00e9ration d&rsquo;artistes (ceux de Fluxus et de l&rsquo;art conceptuel en particulier) qui ne disposaient que de peu de moyens de production et de diffusion dans un contexte o\u00f9 les institutions ne s&rsquo;int\u00e9ressaient pas encore \u00e0 leurs d\u00e9marches\u00a0; un parti-pris car ces m\u00eames institutions \u00e9taient les garantes de valeurs et de crit\u00e8res esth\u00e9tiques, institutionnels et marchands que ces artistes remettaient en question, ce pourquoi il paraissait crucial d&rsquo;\u00e9laborer des strat\u00e9gies permettant de s&rsquo;en \u00e9manciper et d&rsquo;instituer l&rsquo;art autrement.<\/p>\n<p style=\"text-align: justify;\">Le livre d&rsquo;artiste a \u00e9t\u00e9 d\u00e9fini alors comme une possible alternative \u00e0 l&rsquo;exposition sous ses formes conventionnelles, en devenant lui-m\u00eame un mode d&rsquo;exposition imprim\u00e9 pour l&rsquo;art. C&rsquo;est-\u00e0-dire que tout en \u00e9tant autre chose qu&rsquo;une exposition \u2013 si l&rsquo;on d\u00e9signe par l\u00e0 un certain type d&rsquo;\u00e9v\u00e9nement artistique \u2013, le livre d&rsquo;artiste accomplit n\u00e9anmoins une fonction d&rsquo;exposition pour l&rsquo;art, de par sa capacit\u00e9 de monstration et son potentiel de diffusion.<\/p>\n<p style=\"text-align: justify;\">C&rsquo;est en cela qu&rsquo;il y a un paradoxe dans le fait d&rsquo;exposer des livres d&rsquo;artistes. Mais si les expositions de ce type sont nombreuses, c&rsquo;est que l&rsquo;exposition pr\u00e9sente n\u00e9anmoins \u00e0 l&rsquo;\u00e9gard du livre d&rsquo;artiste divers int\u00e9r\u00eats. Elle est en particulier un instrument documentaire et critique permettant de produire de la connaissance autour de ce ph\u00e9nom\u00e8ne, de m\u00eame qu&rsquo;elle permet de le m\u00e9diatiser aupr\u00e8s d&rsquo;un public qui s&rsquo;av\u00e8re parfois plus large que le lectorat initial des livres d&rsquo;artistes, en d\u00e9pit de l&rsquo;ambition d\u00e9mocratique qui porte souvent leurs auteurs vers l&rsquo;\u00e9dition<a href=\"#_ftn3\" name=\"_ftnref3\">[3]<\/a>.<\/p>\n<p style=\"text-align: justify;\">Face \u00e0 cette r\u00e9alit\u00e9 ambivalente, je voudrais pr\u00e9ciser dans ce texte ce que le livre d&rsquo;artiste fait \u00e0 l&rsquo;exposition et ce que les choix d&rsquo;exposition du livre d&rsquo;artiste r\u00e9v\u00e8lent de cette pratique, \u00e0 l&rsquo;appui de mes recherches en histoire de l&rsquo;art et en esth\u00e9tique, mais \u00e9galement de ma propre exp\u00e9rience de commissaire d&rsquo;exposition.<\/p>\n<p style=\"text-align: justify;\"><strong>Le livre d&rsquo;artiste comme alternative \u00e0 l&rsquo;exposition<\/strong><\/p>\n<p style=\"text-align: justify;\">Dans le contexte des ann\u00e9es 1960 puis 1970, les livres d\u2019artistes ont \u00e9t\u00e9 partie prenante d\u2019un programme esth\u00e9tique de red\u00e9finition de l\u2019art et de remise en cause de ses crit\u00e8res d\u2019appr\u00e9ciation. L\u2019\u00e9dition est apparue \u00e0 de nombreux artistes comme une solution pertinente pour cr\u00e9er et diffuser leur travail en dehors des mus\u00e9es et des galeries, pour \u00e9chapper \u00e0 leurs contraintes institutionnelles et marchandes, et en d\u00e9finitive, pour produire des \u0153uvres impliquant de nouvelles conceptions de l\u2019art. Nombre d\u2019artistes, de critiques et de th\u00e9oriciens s\u2019entendent \u00e0 ce sujet, en particulier en construisant au sujet des \u00e9ditions d\u2019artistes un discours sous-tendu par la reconnaissance d\u2019une dimension alternative aux formes expos\u00e9es de l\u2019art.<\/p>\n<p style=\"text-align: justify;\">Dans un article intitul\u00e9 \u00ab\u00a0The Artist\u2019s Book as an Alternative Space\u00a0\u00bb, la critique d\u2019art am\u00e9ricaine Kate Linker a parfaitement mis en \u00e9vidence cet aspect en notant que \u00ab\u00a0le r\u00f4le fondamental du livre comme espace alternatif fut d\u00e9finitivement \u00e9tabli en 1968, lorsque le marchand Seth Siegelaub commen\u00e7a \u00e0 \u00e9diter ses artistes au lieu d\u2019organiser des expositions<a href=\"#_ftn4\" name=\"_ftnref4\">[4]<\/a> \u00bb. D\u2019apr\u00e8s Kate Linker, c\u2019est donc notamment en d\u00e9niant l\u2019exposition comme modalit\u00e9 n\u00e9cessaire de visibilit\u00e9 de l\u2019art que les livres d\u2019artistes s\u2019inscriraient dans un territoire alternatif. Elle explique que\u00a0\u00ab\u00a0constitutivement [le livre] enveloppe \u00e0 la fois l\u2019exposition, la diffusion et la critique. En cela, le livre participe d\u2019un scepticisme g\u00e9n\u00e9ralis\u00e9, en augmentation depuis la fin des ann\u00e9es 1960, touchant les contraintes li\u00e9es \u00e0 la production m\u00eame de l\u2019\u0153uvre \u00bb. Quelques lignes plus loin dans ce m\u00eame article, la critique d\u2019art pr\u00e9cise que :<\/p>\n<p style=\"text-align: justify; padding-left: 30px;\">\u00ab\u00a0[&#8230;] la tendance est de supprimer l\u2019\u00e9thique de la m\u00e9diation, telle qu\u2019elle s\u2019incarne dans les mus\u00e9es sous la forme de filtres entre l\u2019artiste et le public, dans les galeries sous la forme d\u2019interm\u00e9diaires pour un march\u00e9 restreint et hautement s\u00e9lectif, et dans les revues, sous la forme d\u2019arbitres et de miroirs des int\u00e9r\u00eats du monde de l\u2019art <a href=\"#_ftn5\" name=\"_ftnref5\">[5] <\/a>\u00bb.<\/p>\n<p style=\"text-align: justify;\">Ainsi, le livre s\u2019oppose-t-il \u00e0 la galerie, mod\u00e8le dominant du march\u00e9 de l\u2019art, car sa valeur financi\u00e8re est faible et qu\u2019il offre un contexte de lecture priv\u00e9 qui est le contraire de l\u2019espace d\u2019exposition classique. Il se distingue aussi du syst\u00e8me courant d\u2019administration des arts, un livre pouvant \u00eatre cr\u00e9\u00e9 et diffus\u00e9 en dehors des institutions traditionnelles et en marge des normes esth\u00e9tiques qu\u2019elles admettent.<\/p>\n<p style=\"text-align: justify;\">Ce sont les m\u00eames id\u00e9es qui sont affirm\u00e9es par Martha Wilson, fondatrice de Frankline Furnace \u00e0 New York, l\u2019une des premi\u00e8res organisations \u00e0 avoir constitu\u00e9 une collection de livres d\u2019artistes, dans un texte de 1978 dont le titre est presque identique \u00e0 celui de l\u2019article de Kate Linker\u00a0: \u00ab\u00a0Artists Books as Alternative Space<a href=\"#_ftn6\" name=\"_ftnref6\">[6]<\/a>\u00a0\u00bb. Elle y explique que les livres d\u2019artistes constituent un espace alternatif \u00ab\u00a0distinct des livres conventionnels, et des \u0153uvres d\u2019art conventionnelles\u00a0\u00bb, en ce qu\u2019ils sont \u00ab\u00a0un canal de diffusion qui circonvient \u00e0 l\u2019exclusivit\u00e9 des galeries et de la communaut\u00e9 critique<a href=\"#_ftn7\" name=\"_ftnref7\">[7]<\/a>\u00a0\u00bb.<\/p>\n<p style=\"text-align: justify;\">Aujourd\u2019hui encore, nombre d\u2019artistes qui utilisent l\u2019\u00e9dition le font avec cette volont\u00e9 d\u2019alternative aux formes de diffusion les plus habituelles de l\u2019\u0153uvre d\u2019art. \u00c9diter une \u0153uvre sous la forme d\u2019une publication plut\u00f4t que r\u00e9aliser un objet pour l\u2019exposer dans des lieux d\u00e9volus \u00e0 l\u2019art, c\u2019est adopter une \u00e9conomie et des valeurs qui diff\u00e8rent de celles couramment attach\u00e9es \u00e0 ce domaine. Choisir le livre et l\u2019\u00e9dition peut alors r\u00e9sulter d\u2019une intention critique et utopique tout en \u00e9tant la solution la plus pragmatique pour donner corps et visibilit\u00e9 \u00e0 des d\u00e9marches artistiques qui supposent d\u2019autres crit\u00e8res esth\u00e9tiques que ceux h\u00e9rit\u00e9s de l\u2019art moderne (moderniste), dont les valeurs ont largement contribu\u00e9 \u00e0 instaurer la pratique de l\u2019exposition sous sa forme traditionnelle<a href=\"#_ftn8\" name=\"_ftnref8\">[8]<\/a>.<\/p>\n<p style=\"text-align: justify;\">L\u2019exposition, au sens o\u00f9 l\u2019entendent aujourd\u2019hui aussi bien les artistes et les professionnels de l&rsquo;art que les spectateurs, implique \u00e0 la fois une visibilit\u00e9 publique de l\u2019art, un espace-temps sp\u00e9cifiquement d\u00e9di\u00e9 \u00e0 la mise en \u0153uvre de cette visibilit\u00e9, et un agencement des artefacts expos\u00e9s. Il s&rsquo;agit d&rsquo;un ph\u00e9nom\u00e8ne relativement r\u00e9cent, dont on trouve peu d\u2019occurrences avant les Salons de peinture et de sculpture des XVIII<sup>e <\/sup>et XIX<sup>e<\/sup> si\u00e8cles \u2013 eux-m\u00eames \u00e9tant bien diff\u00e9rents des expositions dont nous sommes contemporains. Qui plus est, d\u2019autres modes de visibilit\u00e9 de l\u2019art ont \u00e9merg\u00e9 au XX<sup>e<\/sup> si\u00e8cle\u00a0: <em>happening<\/em>, performance, diffusion m\u00e9diatique par l\u2019imprim\u00e9, la t\u00e9l\u00e9vision ou le web, etc. Ceux-ci assurent la fonction d\u2019exposition n\u00e9cessaire aux \u0153uvres par d\u2019autres moyens que les expositions au sens propre\u00a0: ils s\u2019en distinguent en effet de par leur \u00e9conomie de production et surtout de par les modalit\u00e9s de r\u00e9ception et de socialisation de l&rsquo;art qu\u2019ils engagent.<\/p>\n<p style=\"text-align: justify;\">Ayant d\u00e9j\u00e0 d\u00e9velopp\u00e9 dans une th\u00e8se doctorale ce point de vue et les clarifications qu&rsquo;il convient d&rsquo;y apporter, je me permets d&rsquo;y renvoyer<a href=\"#_ftn9\" name=\"_ftnref9\">[9]<\/a>, tout en notant simplement ici la raison principale pouvant expliquer la difficult\u00e9 qu&rsquo;il y a \u00e0 exposer des livres d&rsquo;artistes\u00a0: outre que le livre en g\u00e9n\u00e9ral est un artefact compliqu\u00e9 \u00e0 exposer, les livres d&rsquo;artistes entendent pour une large part proposer un mod\u00e8le de l&rsquo;art o\u00f9 le dispositif de l&rsquo;exposition, au sens usuel du terme, n&rsquo;est pas n\u00e9cessaire, et o\u00f9 il se trouve parfois m\u00eame contest\u00e9 ou d\u00e9ni\u00e9<a href=\"#_ftn10\" name=\"_ftnref10\">[10]<\/a>. L&rsquo;exemple le plus \u00e9loquent de ce ph\u00e9nom\u00e8ne est sans doute offert par Robert Barry\u00a0: en 1969, \u00e0 l&rsquo;occasion d&rsquo;une exposition personnelle \u00e0 la galerie Art &amp; Project \u00e0 Amsterdam, celui-ci d\u00e9cida de ne rien y montrer mais r\u00e9alisa son exposition, si l&rsquo;on peut dire, dans l&rsquo;espace modeste d&rsquo;un bulletin de quatre pages imprim\u00e9 pour l&rsquo;occasion et faisant \u00e0 la fois office de carton d&rsquo;invitation et de publication d&rsquo;artiste. Une seule phrase y \u00e9tait inscrite\u00a0: \u00ab\u00a0<em>During the exhibition, the gallery will be closed<\/em><a href=\"#_ftn11\" name=\"_ftnref11\">[11]<\/a>\u00a0\u00bb.<\/p>\n<p style=\"text-align: justify;\"><strong>Livres d&rsquo;artistes expos\u00e9s\u00a0: des vitrines au salon de lecture<\/strong><\/p>\n<p style=\"text-align: justify;\">Que l&rsquo;on me permette ici de me r\u00e9f\u00e9rer \u00e0 ma propre exp\u00e9rience de commissaire d&rsquo;exposition pour \u00e9voquer concr\u00e8tement le \u00ab\u00a0probl\u00e8me\u00a0\u00bb de l&rsquo;exposition du livre d&rsquo;artiste.<\/p>\n<p style=\"text-align: justify;\">Au cours des derni\u00e8res ann\u00e9es, mes recherches sur les livres d&rsquo;artistes m&rsquo;ont conduit \u00e0 travailler r\u00e9guli\u00e8rement avec l&rsquo;\u00e9quipe de la m\u00e9diath\u00e8que du mus\u00e9e des Abattoirs \u00e0 Toulouse, qui poss\u00e8de une vaste collection de livres d&rsquo;artistes\u00a0: d&rsquo;abord en tant que conseiller scientifique pour l&rsquo;organisation d&rsquo;une exposition intitul\u00e9e <em>69, ann\u00e9e conceptuelle<\/em><a href=\"#_ftn12\" name=\"_ftnref12\">[12]<\/a>, puis en tant que co-commissaire d&rsquo;une exposition collective consacr\u00e9e \u00e0 des artistes dont le travail prend souvent la forme d&rsquo;\u00e9ditions, et enfin en tant qu&rsquo;enseignant \u00e0 l&rsquo;institut sup\u00e9rieur des Arts de Toulouse, dans le cadre d&rsquo;un atelier de recherche d\u00e9di\u00e9 aux pratiques \u00e9ditoriales dans le champ de l&rsquo;art.<\/p>\n<p style=\"text-align: justify;\">La m\u00e9diath\u00e8que des Abattoirs est un lieu o\u00f9 les livres d&rsquo;artistes, bien qu&rsquo;ils ne soient pas en libre acc\u00e8s, sont consultables tr\u00e8s ais\u00e9ment. Il suffit d&rsquo;en faire la demande, et de patienter quelques minutes pour pourvoir les consulter en salle de lecture, de la m\u00eame mani\u00e8re que n&rsquo;importe quel autre livre.<\/p>\n<p style=\"text-align: justify;\">Lorsque l&rsquo;\u00e9quipe de la m\u00e9diath\u00e8que<a href=\"#_ftn13\" name=\"_ftnref13\">[13]<\/a> y organise des expositions de livres d&rsquo;artistes pour valoriser et enrichir son fonds, ceux-ci sont mis en exergue en \u00e9tant sortis des r\u00e9serves et associ\u00e9s \u00e0 d&rsquo;autres livres. Mais \u00e9tant le plus souvent immobilis\u00e9s dans des vitrines pour pr\u00e9venir le vol ou la d\u00e9gradation des ouvrages, comme ce fut le cas pour <em>69, ann\u00e9e conceptuelle<\/em>, ils sont paradoxalement port\u00e9s \u00e0 la connaissance du public en m\u00eame temps que celui-ci est priv\u00e9 de la possibilit\u00e9 de les consulter (Fig.\u00a01).<\/p>\n<figure id=\"attachment_222\" aria-describedby=\"caption-attachment-222\" style=\"width: 840px\" class=\"wp-caption alignnone\"><img data-recalc-dims=\"1\" loading=\"lazy\" decoding=\"async\" class=\"wp-image-222 size-large\" src=\"https:\/\/i0.wp.com\/revueexpne.cluster003.ovh.net\/wp-content\/uploads\/2016\/05\/69-933x1024.jpg?resize=840%2C922\" alt=\"Fig. 1 : 69, ann\u00e9e conceptuelle, exp., Toulouse, Les Abattoirs \u2013 Frac Midi-Pyr\u00e9n\u00e9es, 2011 ; commissariat : Corinne Gaspari et Fabrice Raymond, avec les conseils scientifiques de J\u00e9r\u00f4me Dupeyrat \u00a9 Sylvie L\u00e9onard\" width=\"840\" height=\"922\" srcset=\"https:\/\/i0.wp.com\/www.revue-exposition.com\/wp-content\/uploads\/2016\/05\/69.jpg?resize=933%2C1024&amp;ssl=1 933w, https:\/\/i0.wp.com\/www.revue-exposition.com\/wp-content\/uploads\/2016\/05\/69.jpg?resize=273%2C300&amp;ssl=1 273w, https:\/\/i0.wp.com\/www.revue-exposition.com\/wp-content\/uploads\/2016\/05\/69.jpg?resize=768%2C843&amp;ssl=1 768w, https:\/\/i0.wp.com\/www.revue-exposition.com\/wp-content\/uploads\/2016\/05\/69.jpg?resize=1200%2C1317&amp;ssl=1 1200w, https:\/\/i0.wp.com\/www.revue-exposition.com\/wp-content\/uploads\/2016\/05\/69.jpg?w=1680&amp;ssl=1 1680w\" sizes=\"auto, (max-width: 709px) 85vw, (max-width: 909px) 67vw, (max-width: 1362px) 62vw, 840px\" \/><figcaption id=\"caption-attachment-222\" class=\"wp-caption-text\">Fig. 1 : 69, ann\u00e9e conceptuelle, exp., Toulouse, Les Abattoirs \u2013 Frac Midi-Pyr\u00e9n\u00e9es, 2011 ; commissariat : Corinne Gaspari et Fabrice Raymond, avec les conseils scientifiques de J\u00e9r\u00f4me Dupeyrat \u00a9 Sylvie L\u00e9onard<\/figcaption><\/figure>\n<p style=\"text-align: justify;\">Dans le cadre de l&rsquo;exposition <em>A kind of \u00ab\u00a0huh\u00a0?\u00a0\u00bb<\/em><a href=\"#_ftn14\" name=\"_ftnref14\">[14]<\/a> organis\u00e9e en 2012 (Fig. 2), nous avions obtenu que les livres d&rsquo;artistes s\u00e9lectionn\u00e9es soient librement consultables sur une table de lecture o\u00f9 ils \u00e9taient rassembl\u00e9s. Mais alors que les pratiques \u00e9ditoriales des artistes r\u00e9unis avaient jou\u00e9 un r\u00f4le central dans la conception de l&rsquo;exposition, leur livre s&rsquo;y retrouvaient quelque peu isol\u00e9s, du moins trop fortement regroup\u00e9s, et pouvaient tendre \u00e0 passer au second plan \u00e0 c\u00f4t\u00e9 des autres \u0153uvres montr\u00e9es\u00a0: <em>ephemera<\/em> pr\u00e9sent\u00e9s en vitrines, photographies et \u0153uvres en deux dimensions, sculptures, installations.<\/p>\n<figure id=\"attachment_224\" aria-describedby=\"caption-attachment-224\" style=\"width: 840px\" class=\"wp-caption alignnone\"><img data-recalc-dims=\"1\" loading=\"lazy\" decoding=\"async\" class=\"wp-image-224 size-large\" src=\"https:\/\/i0.wp.com\/revueexpne.cluster003.ovh.net\/wp-content\/uploads\/2016\/05\/Fig1-2-1024x683.jpg?resize=840%2C560\" alt=\"Fig. 2 : A Kind of \u00ab Huh? \u00bb, exp., Toulouse, Toulouse, Les Abattoirs \u2013 Frac Midi-Pyr\u00e9n\u00e9es, 2012-2013 ; commissariat : J\u00e9r\u00f4me Dupeyrat et Ma\u00efwenn Walter \u00a9 \" width=\"840\" height=\"560\" srcset=\"https:\/\/i0.wp.com\/www.revue-exposition.com\/wp-content\/uploads\/2016\/05\/Fig1-2.jpg?resize=1024%2C683&amp;ssl=1 1024w, https:\/\/i0.wp.com\/www.revue-exposition.com\/wp-content\/uploads\/2016\/05\/Fig1-2.jpg?resize=300%2C200&amp;ssl=1 300w, https:\/\/i0.wp.com\/www.revue-exposition.com\/wp-content\/uploads\/2016\/05\/Fig1-2.jpg?resize=768%2C512&amp;ssl=1 768w, https:\/\/i0.wp.com\/www.revue-exposition.com\/wp-content\/uploads\/2016\/05\/Fig1-2.jpg?resize=1200%2C800&amp;ssl=1 1200w, https:\/\/i0.wp.com\/www.revue-exposition.com\/wp-content\/uploads\/2016\/05\/Fig1-2.jpg?w=1680&amp;ssl=1 1680w, https:\/\/i0.wp.com\/www.revue-exposition.com\/wp-content\/uploads\/2016\/05\/Fig1-2.jpg?w=2520&amp;ssl=1 2520w\" sizes=\"auto, (max-width: 709px) 85vw, (max-width: 909px) 67vw, (max-width: 1362px) 62vw, 840px\" \/><figcaption id=\"caption-attachment-224\" class=\"wp-caption-text\">Fig. 2 : A Kind of \u00ab Huh? \u00bb, exp., Toulouse, Toulouse, Les Abattoirs \u2013 Frac Midi-Pyr\u00e9n\u00e9es, 2012-2013 ; commissariat : J\u00e9r\u00f4me Dupeyrat et Ma\u00efwenn Walter \u00a9 J. Dupeyrat<\/figcaption><\/figure>\n<p style=\"text-align: justify;\">En 2013, je constatais le m\u00eame \u00e9cueil dans l&rsquo;exposition <em>La quatri\u00e8me classe<\/em><a href=\"#_ftn15\" name=\"_ftnref15\">[15]<\/a>, con\u00e7ue \u00e0 l&rsquo;invitation de la galerie et librairie Florence Loewy \u00e0 Paris. L&rsquo;exposition ne r\u00e9unissait pas seulement des livres d&rsquo;artistes, mais un ensemble d&rsquo;\u0153uvres entretenant un lien manifeste \u00e0 l&rsquo;objet livre et \u00e0 l&rsquo;\u00e9dition\u00a0:\u00a0des livres d&rsquo;artistes donc, mais aussi des \u0153uvres imprim\u00e9es ou graphiques se r\u00e9f\u00e9rant \u00e0 des livres sp\u00e9cifiques, des interventions ayant la biblioth\u00e8que ou la librairie comme site, et qui avaient en commun de donner corps \u00e0 des r\u00e9alit\u00e9s discr\u00e8tes ou inframinces, dont l&rsquo;existence proc\u00e8de d&rsquo;une absence, et la substance d&rsquo;une vacance.<\/p>\n<p style=\"text-align: justify;\">Parmi ces \u0153uvres, les livres d&rsquo;artistes \u00e9taient pr\u00e9sent\u00e9s dans deux vitrines (Fig. 3 et\u00a04). Tout en \u00e9tant int\u00e9gr\u00e9s de fa\u00e7on perceptible, en tant qu&rsquo;objets d&rsquo;art, \u00e0 l&rsquo;agencement de l&rsquo;ensemble des \u0153uvres, ils perdaient toutefois de leur contenance en tant que livre, dans une exposition pourtant fond\u00e9e sur un propos \u00ab\u00a0livresque\u00a0\u00bb.<\/p>\n<figure id=\"attachment_227\" aria-describedby=\"caption-attachment-227\" style=\"width: 683px\" class=\"wp-caption alignnone\"><img data-recalc-dims=\"1\" loading=\"lazy\" decoding=\"async\" class=\"wp-image-227 size-large\" src=\"https:\/\/i0.wp.com\/revueexpne.cluster003.ovh.net\/wp-content\/uploads\/2016\/05\/La-Quatrieme-classe_1-683x1024.jpeg?resize=683%2C1024\" alt=\"Fig. 3 : La quatri\u00e8me classe, exp., Paris, Galerie Florence Loewy, 2013 ; commissariat : J\u00e9r\u00f4me Dupeyrat, Florence Loewy\u2026 by artists \u00a9 Aur\u00e9lien Mole\" width=\"683\" height=\"1024\" srcset=\"https:\/\/i0.wp.com\/www.revue-exposition.com\/wp-content\/uploads\/2016\/05\/La-Quatrieme-classe_1.jpeg?resize=683%2C1024&amp;ssl=1 683w, https:\/\/i0.wp.com\/www.revue-exposition.com\/wp-content\/uploads\/2016\/05\/La-Quatrieme-classe_1.jpeg?resize=200%2C300&amp;ssl=1 200w, https:\/\/i0.wp.com\/www.revue-exposition.com\/wp-content\/uploads\/2016\/05\/La-Quatrieme-classe_1.jpeg?resize=768%2C1151&amp;ssl=1 768w, https:\/\/i0.wp.com\/www.revue-exposition.com\/wp-content\/uploads\/2016\/05\/La-Quatrieme-classe_1.jpeg?resize=1200%2C1798&amp;ssl=1 1200w, https:\/\/i0.wp.com\/www.revue-exposition.com\/wp-content\/uploads\/2016\/05\/La-Quatrieme-classe_1.jpeg?w=1680&amp;ssl=1 1680w\" sizes=\"auto, (max-width: 709px) 85vw, (max-width: 909px) 67vw, (max-width: 984px) 61vw, (max-width: 1362px) 45vw, 600px\" \/><figcaption id=\"caption-attachment-227\" class=\"wp-caption-text\">Fig. 3 : La quatri\u00e8me classe, exp., Paris, Galerie Florence Loewy&#8230; by artists, 2013 ; commissariat : J\u00e9r\u00f4me Dupeyrat \u00a9 Aur\u00e9lien Mole<\/figcaption><\/figure>\n<figure id=\"attachment_221\" aria-describedby=\"caption-attachment-221\" style=\"width: 840px\" class=\"wp-caption alignnone\"><img data-recalc-dims=\"1\" loading=\"lazy\" decoding=\"async\" class=\"wp-image-221 size-large\" src=\"https:\/\/i0.wp.com\/revueexpne.cluster003.ovh.net\/wp-content\/uploads\/2016\/05\/La-Quatrieme-classe_2-1024x683.jpeg?resize=840%2C560\" alt=\"Fig. 4 : La quatri\u00e8me classe, exp., Paris, Galerie Florence Loewy, 2013 ; commissariat : J\u00e9r\u00f4me Dupeyrat, Florence Loewy\u2026 by artists \u00a9 Aur\u00e9lien Mole\" width=\"840\" height=\"560\" srcset=\"https:\/\/i0.wp.com\/www.revue-exposition.com\/wp-content\/uploads\/2016\/05\/La-Quatrieme-classe_2.jpeg?resize=1024%2C683&amp;ssl=1 1024w, https:\/\/i0.wp.com\/www.revue-exposition.com\/wp-content\/uploads\/2016\/05\/La-Quatrieme-classe_2.jpeg?resize=300%2C200&amp;ssl=1 300w, https:\/\/i0.wp.com\/www.revue-exposition.com\/wp-content\/uploads\/2016\/05\/La-Quatrieme-classe_2.jpeg?resize=768%2C512&amp;ssl=1 768w, https:\/\/i0.wp.com\/www.revue-exposition.com\/wp-content\/uploads\/2016\/05\/La-Quatrieme-classe_2.jpeg?resize=1200%2C801&amp;ssl=1 1200w, https:\/\/i0.wp.com\/www.revue-exposition.com\/wp-content\/uploads\/2016\/05\/La-Quatrieme-classe_2.jpeg?w=1680&amp;ssl=1 1680w, https:\/\/i0.wp.com\/www.revue-exposition.com\/wp-content\/uploads\/2016\/05\/La-Quatrieme-classe_2.jpeg?w=2520&amp;ssl=1 2520w\" sizes=\"auto, (max-width: 709px) 85vw, (max-width: 909px) 67vw, (max-width: 1362px) 62vw, 840px\" \/><figcaption id=\"caption-attachment-221\" class=\"wp-caption-text\">Fig. 4 : La quatri\u00e8me classe, exp., Paris, Galerie Florence Loewy&#8230;by artists, 2013 ; commissariat : J\u00e9r\u00f4me Dupeyrat \u00a9 Aur\u00e9lien Mole<\/figcaption><\/figure>\n<p style=\"text-align: justify;\">En 2014 enfin, le Frac Haute-Normandie me proposa d&rsquo;organiser une exposition \u2013 <em>Bibliologie<\/em><a href=\"#_ftn16\" name=\"_ftnref16\">[16]<\/a> \u2013 consacr\u00e9e \u00e0 son fonds de livres d&rsquo;artistes (plusieurs centaines d&rsquo;\u00e9ditions, publi\u00e9es essentiellement \u00e0 partir des ann\u00e9es 1980 et jusqu&rsquo;\u00e0 aujourd&rsquo;hui). Pour des raisons patrimoniales compr\u00e9hensibles,\u00a0les livres furent l\u00e0 aussi pr\u00e9sent\u00e9s dans des vitrines (Fig.\u00a05 et\u00a06).<\/p>\n<figure id=\"attachment_225\" aria-describedby=\"caption-attachment-225\" style=\"width: 840px\" class=\"wp-caption alignnone\"><img data-recalc-dims=\"1\" loading=\"lazy\" decoding=\"async\" class=\"wp-image-225 size-large\" src=\"https:\/\/i0.wp.com\/revueexpne.cluster003.ovh.net\/wp-content\/uploads\/2016\/05\/Fig2-2-1024x768.jpg?resize=840%2C630\" alt=\"Fig. 5 : Bibliologie, Livres et \u00e9ditions d'artistes dans la collection du Frac Haute-Normandie, exp., Sotteville-l\u00e8s-Rouen, Frac Haute-Normandie, 2014 ; commissariat : J\u00e9r\u00f4me Dupeyrat \u00a9 Marc Domage\" width=\"840\" height=\"630\" srcset=\"https:\/\/i0.wp.com\/www.revue-exposition.com\/wp-content\/uploads\/2016\/05\/Fig2-2.jpg?resize=1024%2C768&amp;ssl=1 1024w, https:\/\/i0.wp.com\/www.revue-exposition.com\/wp-content\/uploads\/2016\/05\/Fig2-2.jpg?resize=300%2C225&amp;ssl=1 300w, https:\/\/i0.wp.com\/www.revue-exposition.com\/wp-content\/uploads\/2016\/05\/Fig2-2.jpg?resize=768%2C576&amp;ssl=1 768w, https:\/\/i0.wp.com\/www.revue-exposition.com\/wp-content\/uploads\/2016\/05\/Fig2-2.jpg?resize=1200%2C900&amp;ssl=1 1200w, https:\/\/i0.wp.com\/www.revue-exposition.com\/wp-content\/uploads\/2016\/05\/Fig2-2.jpg?w=1680&amp;ssl=1 1680w, https:\/\/i0.wp.com\/www.revue-exposition.com\/wp-content\/uploads\/2016\/05\/Fig2-2.jpg?w=2520&amp;ssl=1 2520w\" sizes=\"auto, (max-width: 709px) 85vw, (max-width: 909px) 67vw, (max-width: 1362px) 62vw, 840px\" \/><figcaption id=\"caption-attachment-225\" class=\"wp-caption-text\">Fig. 5 : Bibliologie, Livres et \u00e9ditions d&rsquo;artistes dans la collection du Frac Haute-Normandie, exp., Sotteville-l\u00e8s-Rouen, Frac Haute-Normandie, 2014 ; commissariat : J\u00e9r\u00f4me Dupeyrat \u00a9 Marc Domage<\/figcaption><\/figure>\n<figure id=\"attachment_223\" aria-describedby=\"caption-attachment-223\" style=\"width: 840px\" class=\"wp-caption alignnone\"><img data-recalc-dims=\"1\" loading=\"lazy\" decoding=\"async\" class=\"wp-image-223 size-large\" src=\"https:\/\/i0.wp.com\/revueexpne.cluster003.ovh.net\/wp-content\/uploads\/2016\/05\/Bibliologie_2-1024x753.jpg?resize=840%2C618\" alt=\"Fig. 6 : Bibliologie, Livres et \u00e9ditions d'artistes dans la collection du Frac Haute-Normandie, exp., Sotteville-l\u00e8s-Rouen, Frac Haute-Normandie, 2014 ; commissariat : J\u00e9r\u00f4me Dupeyrat \u00a9 Marc Domage\" width=\"840\" height=\"618\" srcset=\"https:\/\/i0.wp.com\/www.revue-exposition.com\/wp-content\/uploads\/2016\/05\/Bibliologie_2.jpg?resize=1024%2C753&amp;ssl=1 1024w, https:\/\/i0.wp.com\/www.revue-exposition.com\/wp-content\/uploads\/2016\/05\/Bibliologie_2.jpg?resize=300%2C221&amp;ssl=1 300w, https:\/\/i0.wp.com\/www.revue-exposition.com\/wp-content\/uploads\/2016\/05\/Bibliologie_2.jpg?resize=768%2C565&amp;ssl=1 768w, https:\/\/i0.wp.com\/www.revue-exposition.com\/wp-content\/uploads\/2016\/05\/Bibliologie_2.jpg?resize=1200%2C883&amp;ssl=1 1200w, https:\/\/i0.wp.com\/www.revue-exposition.com\/wp-content\/uploads\/2016\/05\/Bibliologie_2.jpg?w=1680&amp;ssl=1 1680w, https:\/\/i0.wp.com\/www.revue-exposition.com\/wp-content\/uploads\/2016\/05\/Bibliologie_2.jpg?w=2520&amp;ssl=1 2520w\" sizes=\"auto, (max-width: 709px) 85vw, (max-width: 909px) 67vw, (max-width: 1362px) 62vw, 840px\" \/><figcaption id=\"caption-attachment-223\" class=\"wp-caption-text\">Fig. 6 : Bibliologie, Livres et \u00e9ditions d&rsquo;artistes dans la collection du Frac Haute-Normandie, exp., Sotteville-l\u00e8s-Rouen, Frac Haute-Normandie, 2014 ; commissariat : J\u00e9r\u00f4me Dupeyrat \u00a9 Marc Domage<\/figcaption><\/figure>\n<p style=\"text-align: justify;\">En d\u00e9pit d&rsquo;un projet con\u00e7u selon des crit\u00e8res biblioth\u00e9conomiques dans la mesure o\u00f9 la pr\u00e9sentation des livres d&rsquo;artistes ob\u00e9issait \u00e0 la classification d\u00e9cimale universelle en usage dans de nombreuses biblioth\u00e8ques publiques, et tout en permettant de confronter ces livres \u00e0 d&rsquo;autres \u0153uvres des artistes qui en \u00e9taient les auteurs (des photographies, des peintures, des dessins, des vid\u00e9os), l&rsquo;exposition impliquait donc, \u00e0 nouveau, une mise \u00e0 distance de son objet principal. En \u00e9cho \u00e0 ce paradoxe, le groupe de recherche \u00c9dith, constitu\u00e9 d&rsquo;enseignants et d&rsquo;\u00e9tudiants de l\u2019\u00e9cole sup\u00e9rieure d\u2019Art et Design Le Havre-Rouen (ESADHaR), proposait \u00e0 mon invitation dans l&rsquo;exposition une s\u00e9rie d&rsquo;essais vid\u00e9o r\u00e9alis\u00e9s \u00e0 partir de certaines \u00e9ditions expos\u00e9es. Mais ces vid\u00e9os ne pr\u00e9tendaient nullement se substituer \u00e0 la consultation des livres. Elles questionnaient simplement leur valeur d&rsquo;usage et leur devenir images en situation d&rsquo;exposition.<\/p>\n<p style=\"text-align: justify;\">Fran\u00e7oise Lonardoni, alors responsable d&rsquo;un vaste fonds de livres d&rsquo;artistes constitu\u00e9 par la biblioth\u00e8que municipale de Lyon, faisait part en 2012 d&rsquo;une exp\u00e9rience ant\u00e9rieure mais analogue\u00a0:<\/p>\n<p style=\"text-align: justify; padding-left: 30px;\">\u00ab\u00a0La premi\u00e8re tentation lorsque l\u2019on a la charge d\u2019une collection de livres d\u2019artistes conserv\u00e9s dans une r\u00e9serve consiste \u00e0 vouloir exposer le livre d\u2019artiste en tant que forme. C\u2019est ainsi que j\u2019accueillis \u00e0 la biblioth\u00e8que municipale de Lyon, en 2000, une exposition itin\u00e9rante qui comprenait 600 livres d\u2019artistes allemands : <em>Die B\u00fccher der K\u00fcnstler<\/em>. La densit\u00e9 de l\u2019exposition et l\u2019int\u00e9r\u00eat de son propos, son organisation rigoureuse en dix chapitres, la pr\u00e9sence de livres doublons accessibles \u00e0 tous, semblaient autant de garanties pour susciter l\u2019int\u00e9r\u00eat du public. Mais au final, celui-ci s\u2019est peu appropri\u00e9 l\u2019exposition, sa pr\u00e9sentation physique \u2013 un oc\u00e9an de vitrines, une profusion de livres \u2013 s\u2019av\u00e9rant d\u00e9courageante. Cet \u00e9pisode allemand r\u00e9v\u00e9la en tout cas que certaines formes artistiques r\u00e9sistent \u00e0 l\u2019exposition, et en tout premier lieu le livre d\u2019artiste<a href=\"#_ftn17\" name=\"_ftnref17\">[17]<\/a>\u00a0\u00bb.<\/p>\n<p style=\"text-align: justify;\">Pour <em>Bibliologie<\/em>, une librairie temporaire int\u00e9gr\u00e9e aux espaces d&rsquo;exposition permettait de consulter certains des livres inclus dans l&rsquo;exposition, et d&rsquo;autres publi\u00e9s par les m\u00eames \u00e9diteurs. Mais bien que prenant place dans l&rsquo;espace du Frac Haute-Normandie, c&rsquo;est d&rsquo;une librairie qu&rsquo;il s&rsquo;agissait, et non d&rsquo;un dispositif d&rsquo;exposition. La pr\u00e9sence de cette librairie permettait au contraire de mettre en tension d&rsquo;une part le dispositif contraignant qu&rsquo;est la vitrine, qui fait de chaque exemplaire d&rsquo;un ouvrage un objet r\u00e9ifi\u00e9, et d&rsquo;autre part l&rsquo;espace usuel du livre multiple et diffusable qu&rsquo;est la librairie, ou hors d&rsquo;un contexte commercial, la biblioth\u00e8que.<\/p>\n<p style=\"text-align: justify;\">Il y a en fait en mati\u00e8re d&rsquo;expositions de livres d&rsquo;artistes deux sc\u00e9narios principaux possibles. Dans l&rsquo;un d&rsquo;entre eux, les livres ne peuvent \u00eatre consult\u00e9s, par exemple parce que l&rsquo;institution qui les poss\u00e8de a une mission patrimoniale, et c&rsquo;est alors dans des vitrines, ou tout du moins \u00e0 distance, qu&rsquo;il faut les observer. Le plus souvent r\u00e9duit \u00e0 une couverture ou \u00e0 une double page, l&rsquo;ouvrage perd alors la dimension s\u00e9quentielle inh\u00e9rente au livre (au codex) et se transforme en image. Surtout, le livre ou l&rsquo;\u00e9dition, quelle qu&rsquo;elle soit, perd sa valeur d&rsquo;usage en \u00e9tant soustrait \u00e0 l&rsquo;exp\u00e9rience de la lecture qui les caract\u00e9rise habituellement. Si certains outils permettent de pallier \u00e0 divers degr\u00e9s cette double perte (usage, s\u00e9quence), par exemple les diaporamas, les vid\u00e9os ou les fac-simil\u00e9s, l&rsquo;exposition de livres non consultables met n\u00e9anmoins toujours \u00e0 distance l&rsquo;exp\u00e9rience concr\u00e8te des livres.<\/p>\n<p style=\"text-align: justify;\">Dans le second sc\u00e9nario, lorsque les livres sont consultables, les vitrines c\u00e8dent leur place \u00e0 d&rsquo;autres dispositifs, en particulier la table de lecture et la biblioth\u00e8que, qui peuvent faire l&rsquo;objet de parti pris plus ou moins r\u00e9fl\u00e9chis et affirm\u00e9s en mati\u00e8re de design<a href=\"#_ftn18\" name=\"_ftnref18\">[18]<\/a>.<\/p>\n<p style=\"text-align: justify;\">Ind\u00e9niablement plus satisfaisante pour le spectateur-lecteur, cette situation, toutefois, n&rsquo;est plus exactement celle de l&rsquo;exposition, si l&rsquo;on consid\u00e8re cette derni\u00e8re comme un type particulier de manifestation de l&rsquo;art, et pas seulement comme un \u00e9v\u00e9nement ayant lieu dans un mus\u00e9e ou une galerie. Lorsque les livres sont consultables, l&rsquo;exposition devient un cabinet ou un salon de lecture.<br \/>\nDeux exemples, parmi de nombreux autres, peuvent \u00eatre mentionn\u00e9s ici.<\/p>\n<figure id=\"attachment_226\" aria-describedby=\"caption-attachment-226\" style=\"width: 300px\" class=\"wp-caption alignright\"><img data-recalc-dims=\"1\" loading=\"lazy\" decoding=\"async\" class=\"wp-image-226 size-medium\" src=\"https:\/\/i0.wp.com\/revueexpne.cluster003.ovh.net\/wp-content\/uploads\/2016\/05\/ISBN-300x225.jpg?resize=300%2C225\" alt=\"Fig. 7 : I.S.B.N. (livres d'artistes et apr\u00e8s), exp., Montpellier, Galerie Aperto, 2008 ; commissariat : \u00c9ric Watier \u00a9 Galerie Aperto\" width=\"300\" height=\"225\" srcset=\"https:\/\/i0.wp.com\/www.revue-exposition.com\/wp-content\/uploads\/2016\/05\/ISBN.jpg?resize=300%2C225&amp;ssl=1 300w, https:\/\/i0.wp.com\/www.revue-exposition.com\/wp-content\/uploads\/2016\/05\/ISBN.jpg?resize=768%2C576&amp;ssl=1 768w, https:\/\/i0.wp.com\/www.revue-exposition.com\/wp-content\/uploads\/2016\/05\/ISBN.jpg?resize=1024%2C768&amp;ssl=1 1024w, https:\/\/i0.wp.com\/www.revue-exposition.com\/wp-content\/uploads\/2016\/05\/ISBN.jpg?resize=1200%2C900&amp;ssl=1 1200w, https:\/\/i0.wp.com\/www.revue-exposition.com\/wp-content\/uploads\/2016\/05\/ISBN.jpg?w=1680&amp;ssl=1 1680w, https:\/\/i0.wp.com\/www.revue-exposition.com\/wp-content\/uploads\/2016\/05\/ISBN.jpg?w=2520&amp;ssl=1 2520w\" sizes=\"auto, (max-width: 300px) 85vw, 300px\" \/><figcaption id=\"caption-attachment-226\" class=\"wp-caption-text\">Fig. 7 : I.S.B.N. (livres d&rsquo;artistes et apr\u00e8s), exp., Montpellier, Galerie Aperto, 2008 ; commissariat : \u00c9ric Watier \u00a9 Galerie Aperto<\/figcaption><\/figure>\n<p style=\"text-align: justify;\"><em>I.S.B.N.<\/em><a href=\"#_ftn19\" name=\"_ftnref19\">[19]<\/a> fut organis\u00e9 \u00e0 la galerie Aperto par l&rsquo;artiste \u00c9ric Watier en 2008. Cherchant \u00e0 mettre l&rsquo;accent sur le caract\u00e8re \u00ab\u00a0ordinaire<a href=\"#_ftn20\" name=\"_ftnref20\">[20]<\/a>\u00a0\u00bb des livres d&rsquo;artistes, sur la fa\u00e7on dont ils int\u00e8grent la reproductibilit\u00e9 \u00e0 leur projet esth\u00e9tique, sur leur potentiel de diffusion et les modalit\u00e9s d&rsquo;acc\u00e8s \u00e0 l&rsquo;art qu&rsquo;ils permettent, tous les livres y \u00e9taient consultables, pr\u00e9sent\u00e9s couvertures face aux visiteurs sur une s\u00e9rie d&rsquo;\u00e9tag\u00e8res \u00e9troites (Fig. 7). Ce choix de pr\u00e9sentation jouait avec certaines conventions de l&rsquo;exposition, en montrant les livres comme des objets visuels, mais tout en permettant leur lecture et en d\u00e9signant celle-ci comme \u00e9tant bel et bien la forme ad\u00e9quate et accomplie de leur r\u00e9ception.<\/p>\n<p style=\"text-align: justify;\"><em>Table d&rsquo;h\u00f4tes<\/em><a href=\"#_ftn21\" name=\"_ftnref21\">[21]<\/a> est un dispositif imagin\u00e9 par les artistes Pierre-Olivier Arnaud et St\u00e9phane Le Mercier, qui l&rsquo;ont anim\u00e9 entre 2007 et 2010\u00a0:<\/p>\n<p style=\"text-align: justify; padding-left: 30px;\">\u00ab\u00a0Un mobilier rudimentaire, une table et ses deux bancs en bois, propres aux <em>Bierg\u00e4rten<\/em> (les \u201cjardins \u00e0 bi\u00e8re\u201d ou terrasses allemandes), constituent le point d\u2019ancrage de ce rendez-vous nomade. D\u00e9pli\u00e9 le plus souvent dans un atelier mais \u00e9galement dans des centres d\u2019art [\u2026] sur de courtes p\u00e9riodes (une semaine et plut\u00f4t en soir\u00e9e), ce dispositif a mis en partage, durant un peu plus de trois ann\u00e9es, diff\u00e9rentes formes d\u2019\u0153uvres empruntant \u00e0 la pratique du document, de l\u2019archive ou de l\u2019\u00e9dition<a href=\"#_ftn22\" name=\"_ftnref22\">[22]<\/a>\u00a0\u00bb.<\/p>\n<p style=\"text-align: justify;\"><em>Table d\u2019H\u00f4tes<\/em>, qui a par exemple accueilli les \u00e9ditions d&rsquo;artistes de documentation C\u00e9line Duval, Peter Piller, Yann S\u00e9randour ou \u00c9ric Watier, \u00ab\u00a0am\u00e9nage au m\u00eame titre qu\u2019une exposition l\u2019espace interm\u00e9diaire d\u2019une sociabilit\u00e9 de l\u2019art \u00bb, mais selon d&rsquo;autres modalit\u00e9s\u00a0que celles qui ont une fonction paradigmatique ou dominante pour l&rsquo;exposition d&rsquo;art dans ses formes conventionnelles \u2013 que les artistes s&#8217;emploient certes, bien souvent, \u00e0 d\u00e9jouer. L&rsquo;id\u00e9al d&rsquo;une r\u00e9ception collective de l&rsquo;art c\u00e8de alors la place \u00e0 une forme de perception plus individualis\u00e9e, celle de la lecture, pratiqu\u00e9e seule ou en comit\u00e9 r\u00e9duit \u2013 et donnant souvent lieu, dans ce cas, \u00e0 des \u00e9changes av\u00e9r\u00e9s. De m\u00eame le r\u00e9gime de visibilit\u00e9 de l&rsquo;exposition se transforme-t-il dans cet espace discret qu&rsquo;est la table de consultation, d&rsquo;autant que <em>Table d&rsquo;h\u00f4tes<\/em> fonctionnait selon un mode d&rsquo;apparition interstitiel. Enfin, le caract\u00e8re fortement situ\u00e9, \u00e0 la fois spatialement et temporellement, de l&rsquo;exposition et plus encore de l&rsquo;espace d&rsquo;exposition, devient ici plus incertain, moins circonscrit, en d\u00e9pit de la d\u00e9limitation tr\u00e8s claire du dispositif mobilier (Fig. 8 et\u00a09).<\/p>\n<figure id=\"attachment_232\" aria-describedby=\"caption-attachment-232\" style=\"width: 768px\" class=\"wp-caption alignnone\"><img data-recalc-dims=\"1\" loading=\"lazy\" decoding=\"async\" class=\"wp-image-232 size-large\" src=\"https:\/\/i0.wp.com\/revueexpne.cluster003.ovh.net\/wp-content\/uploads\/2016\/05\/Table_1-768x1024.jpg?resize=768%2C1024\" alt=\"Fig. 8 : Table d'h\u00f4tes. Archiv Peter Piller, exp., Lyon, 14-16 rue Terraille, juin 2007 ; commissariat : Pierre-Olivier Arnaud, St\u00e9phane Le Mercier \u00a9 St\u00e9phane Le Mercier\" width=\"768\" height=\"1024\" srcset=\"https:\/\/i0.wp.com\/www.revue-exposition.com\/wp-content\/uploads\/2016\/05\/Table_1.jpg?resize=768%2C1024&amp;ssl=1 768w, https:\/\/i0.wp.com\/www.revue-exposition.com\/wp-content\/uploads\/2016\/05\/Table_1.jpg?resize=225%2C300&amp;ssl=1 225w, https:\/\/i0.wp.com\/www.revue-exposition.com\/wp-content\/uploads\/2016\/05\/Table_1.jpg?resize=1200%2C1600&amp;ssl=1 1200w, https:\/\/i0.wp.com\/www.revue-exposition.com\/wp-content\/uploads\/2016\/05\/Table_1.jpg?w=1680&amp;ssl=1 1680w, https:\/\/i0.wp.com\/www.revue-exposition.com\/wp-content\/uploads\/2016\/05\/Table_1.jpg?w=2520&amp;ssl=1 2520w\" sizes=\"auto, (max-width: 709px) 85vw, (max-width: 909px) 67vw, (max-width: 984px) 61vw, (max-width: 1362px) 45vw, 600px\" \/><figcaption id=\"caption-attachment-232\" class=\"wp-caption-text\">Fig. 8 : Table d&rsquo;h\u00f4tes. Archiv Peter Piller, exp., Lyon, 14-16 rue Terraille, juin 2007 ; commissariat : Pierre-Olivier Arnaud, St\u00e9phane Le Mercier \u00a9 St\u00e9phane Le Mercier<\/figcaption><\/figure>\n<figure id=\"attachment_231\" aria-describedby=\"caption-attachment-231\" style=\"width: 840px\" class=\"wp-caption alignnone\"><img data-recalc-dims=\"1\" loading=\"lazy\" decoding=\"async\" class=\"wp-image-231 size-large\" src=\"https:\/\/i0.wp.com\/revueexpne.cluster003.ovh.net\/wp-content\/uploads\/2016\/05\/Table_2-1024x683.jpg?resize=840%2C560\" alt=\"Fig. 9 : Table d'h\u00f4tes. Documentation C\u00e9line Duval, exp., Lyon, 14-16 rue Terraille, novembre-d\u00e9cembre 2007 ; commissariat : Pierre-Olivier Arnaud, St\u00e9phane Le Mercier \u00a9 St\u00e9phane le Mercier \" width=\"840\" height=\"560\" srcset=\"https:\/\/i0.wp.com\/www.revue-exposition.com\/wp-content\/uploads\/2016\/05\/Table_2.jpg?resize=1024%2C683&amp;ssl=1 1024w, https:\/\/i0.wp.com\/www.revue-exposition.com\/wp-content\/uploads\/2016\/05\/Table_2.jpg?resize=300%2C200&amp;ssl=1 300w, https:\/\/i0.wp.com\/www.revue-exposition.com\/wp-content\/uploads\/2016\/05\/Table_2.jpg?resize=768%2C512&amp;ssl=1 768w, https:\/\/i0.wp.com\/www.revue-exposition.com\/wp-content\/uploads\/2016\/05\/Table_2.jpg?resize=1200%2C800&amp;ssl=1 1200w, https:\/\/i0.wp.com\/www.revue-exposition.com\/wp-content\/uploads\/2016\/05\/Table_2.jpg?w=1680&amp;ssl=1 1680w, https:\/\/i0.wp.com\/www.revue-exposition.com\/wp-content\/uploads\/2016\/05\/Table_2.jpg?w=2520&amp;ssl=1 2520w\" sizes=\"auto, (max-width: 709px) 85vw, (max-width: 909px) 67vw, (max-width: 1362px) 62vw, 840px\" \/><figcaption id=\"caption-attachment-231\" class=\"wp-caption-text\">Fig. 9 : Table d&rsquo;h\u00f4tes. Documentation C\u00e9line Duval, exp., Lyon, 14-16 rue Terraille, novembre-d\u00e9cembre 2007 ; commissariat : Pierre-Olivier Arnaud, St\u00e9phane Le Mercier \u00a9 St\u00e9phane le Mercier<\/figcaption><\/figure>\n<p style=\"text-align: justify;\">Exposer des livres d&rsquo;artistes semble donc produire n\u00e9cessairement un manque ou une transformation, soit \u00e0 l&rsquo;endroit du livre, qui n&rsquo;est plus lisible comme tel, soit \u00e0 l&rsquo;endroit de l&rsquo;exposition, dont le langage et les moyens sont abandonn\u00e9s au profit de modalit\u00e9s qui, bien qu&rsquo;elles soient d\u00e9sormais couramment import\u00e9es dans le champ de l&rsquo;art, lui sont initialement \u00e9trang\u00e8res (c&rsquo;est l\u00e0, notamment, leur int\u00e9r\u00eat).<\/p>\n<p style=\"text-align: justify;\">Que le livre consultable induise la transformation de l&rsquo;exposition en cabinet de lecture, ou bien que le livre expos\u00e9 se soumette \u00e0 une r\u00e9ception interm\u00e9diaire et souvent d\u00e9ceptive, les valeurs conventionnelles de l&rsquo;exposition artistique se voient ainsi remises en question par la pr\u00e9sence des livres.\u00a0 Comme le souligne Fran\u00e7oise Lonardoni, ceux-ci semblent \u00ab\u00a0r\u00e9sister<a href=\"#_ftn23\" name=\"_ftnref23\">[23]<\/a>\u00a0\u00bb \u00e0 l&rsquo;exposition.<\/p>\n<p style=\"text-align: justify;\">Il importe toutefois d&rsquo;insister sur le fait que les valeurs qui sont malmen\u00e9es ici sont bien celles de l&rsquo;exposition <em>artistique<\/em>, et non celles de la pratique et du m\u00e9dia<a href=\"#_ftn24\" name=\"_ftnref24\">[24]<\/a> qu&rsquo;est l&rsquo;exposition en g\u00e9n\u00e9ral.<\/p>\n<p style=\"text-align: justify;\">Ainsi serait-il int\u00e9ressant de consid\u00e9rer, dans le cas des expositions-vitrines, que ce n&rsquo;est pas tant des expositions <em>de<\/em> livres d&rsquo;artistes que d\u00e9couvre le spectateur-lecteur, mais des expositions <em>sur<\/em> les livres d&rsquo;artistes, c&rsquo;est-\u00e0-dire des expositions qui visent d&rsquo;abord \u00e0 mettre en place un discours d&rsquo;ordre documentaire et critique sur une pratique \u2013 par l&rsquo;\u00e9tablissement de corpus, par des choix de mise en relation, par l&rsquo;\u00e9criture d&rsquo;un paratexte, etc. Dans une exposition ainsi comprise, le livre d&rsquo;artiste mis \u00e0 distance du spectateur perd son statut d&rsquo;\u0153uvre et devient un document se r\u00e9f\u00e9rant \u00e0 lui-m\u00eame, ou plus exactement \u00e0 l&rsquo;\u0153uvre qu&rsquo;il peut \u00eatre dans un autre contexte. Cette dimension documentaire semble d&rsquo;ailleurs d\u00e9finir la mani\u00e8re dont fonctionne de nombreuses expositions d&rsquo;art contemporain, pas seulement celles consacr\u00e9es aux livres d&rsquo;artistes, mais aussi celles d\u00e9di\u00e9es \u00e0 la performance, \u00e0 Fluxus, \u00e0 l&rsquo;art conceptuel, ou \u00e0 de nombreuses pratiques r\u00e9centes qui ne sont pas con\u00e7ues pour l&rsquo;espace-temps de l&rsquo;exposition mais qui y trouvent un terrain possible d&rsquo;enregistrement, de communication, de transmission ou de commentaire.<\/p>\n<p style=\"text-align: justify;\">Si l&rsquo;on voit de telles expositions dans l&rsquo;optique d&rsquo;exp\u00e9rimenter des \u0153uvres d&rsquo;art, elles produisent clairement l&rsquo;impression d&rsquo;un \u00e9chec. Si on les voit dans une optique documentaire ou scientifique, au m\u00eame titre d&rsquo;une certaine fa\u00e7on qu&rsquo;une exposition d&rsquo;histoire, de sciences ou d&rsquo;ethnologie, alors elles sont sans doute beaucoup plus compr\u00e9hensibles et satisfaisantes. Un enjeu de l&rsquo;exposition du livre d&rsquo;artiste pourrait \u00eatre de parvenir \u00e0 induire cette lecture de la part du public.<\/p>\n<p style=\"text-align: justify;\"><strong>L&rsquo;exposition des livres d&rsquo;artistes en tant que proposition artistique<\/strong><\/p>\n<p style=\"text-align: justify;\">Un autre cas de figure d\u00e9place les termes des deux sc\u00e9narios pr\u00e9c\u00e9dents, lorsqu&rsquo;il n&rsquo;est plus simplement question d&rsquo;expositions sur les livres d&rsquo;artistes, mais de livres d&rsquo;artistes dont l&rsquo;exposition constitue en elle-m\u00eame une nouvelle proposition artistique de la part de leurs auteurs.<\/p>\n<figure id=\"attachment_229\" aria-describedby=\"caption-attachment-229\" style=\"width: 840px\" class=\"wp-caption aligncenter\"><img data-recalc-dims=\"1\" loading=\"lazy\" decoding=\"async\" class=\"wp-image-229 size-large\" src=\"https:\/\/i0.wp.com\/revueexpne.cluster003.ovh.net\/wp-content\/uploads\/2016\/05\/Watier_1-1024x768.jpg?resize=840%2C630\" width=\"840\" height=\"630\" srcset=\"https:\/\/i0.wp.com\/www.revue-exposition.com\/wp-content\/uploads\/2016\/05\/Watier_1.jpg?resize=1024%2C768&amp;ssl=1 1024w, https:\/\/i0.wp.com\/www.revue-exposition.com\/wp-content\/uploads\/2016\/05\/Watier_1.jpg?resize=300%2C225&amp;ssl=1 300w, https:\/\/i0.wp.com\/www.revue-exposition.com\/wp-content\/uploads\/2016\/05\/Watier_1.jpg?resize=768%2C576&amp;ssl=1 768w, https:\/\/i0.wp.com\/www.revue-exposition.com\/wp-content\/uploads\/2016\/05\/Watier_1.jpg?resize=1200%2C900&amp;ssl=1 1200w, https:\/\/i0.wp.com\/www.revue-exposition.com\/wp-content\/uploads\/2016\/05\/Watier_1.jpg?w=1680&amp;ssl=1 1680w, https:\/\/i0.wp.com\/www.revue-exposition.com\/wp-content\/uploads\/2016\/05\/Watier_1.jpg?w=2520&amp;ssl=1 2520w\" sizes=\"auto, (max-width: 709px) 85vw, (max-width: 909px) 67vw, (max-width: 1362px) 62vw, 840px\" \/><figcaption id=\"caption-attachment-229\" class=\"wp-caption-text\">Fig. 10 : \u00c9ric Watier, Ni fait, ni \u00e0 faire. Un livre, un pli, exp., Montpellier, Frac Languedoc-Roussillon, 2008 \u00a9 \u00c9ric Watier<\/figcaption><\/figure>\n<p style=\"text-align: justify;\">Cette possibilit\u00e9 a \u00e9t\u00e9 explor\u00e9e de multiples fa\u00e7ons par \u00c9ric Watier, notamment \u00e0 l&rsquo;occasion d&rsquo;une exposition-r\u00e9sidence au Frac Languedoc-Roussillon en 2008<a href=\"#_ftn25\" name=\"_ftnref25\">[25]<\/a>. Au cours d&rsquo;une s\u00e9rie d&rsquo;accrochages renouvel\u00e9s tout au long du projet, l&rsquo;artiste pr\u00e9senta ainsi une \u00e9dition intitul\u00e9e <em>Un livre, un pli, <\/em>directement pos\u00e9e au sol, \u00e0 la verticale, au milieu d&rsquo;un vaste espace vide. <em>Un livre, un pli<\/em> est une \u0153uvre-manifeste affirmant la forme \u00e9l\u00e9mentaire et minimale du livre\u00a0: une feuille grise au recto et blanche au verso est pli\u00e9e en deux de sorte \u00e0 former un livret de quatre pages, dont la premi\u00e8re de couverture porte l&rsquo;inscription \u00ab\u00a0un livre\u00a0\u00bb, et la seconde page int\u00e9rieure \u00ab\u00a0un pli\u00a0\u00bb (Fig. 10). Radicalement modeste mais redoutablement efficace, la proposition de monstration de ce \u00ab\u00a0pli\u00a0\u00bb venait intensifier l&rsquo;espace vacant du Frac, qui semblait s&rsquo;ancrer autour de la petite \u00e9dition, du fait d&rsquo;une ad\u00e9quation totale entre la simplicit\u00e9 de cette derni\u00e8re et celle du dispositif d&rsquo;exposition.<\/p>\n<p style=\"text-align: justify;\">Pour le quatri\u00e8me accrochage r\u00e9alis\u00e9 au cours de cette r\u00e9sidence, \u00c9ric Watier aligna les 160 plis de la s\u00e9rie <em>Choses vues<\/em> en les collant directement aux murs de la galerie, \u00e0 hauteur de regard, par leur quatri\u00e8me de couverture. Chacune de ces \u00e9ditions apparaissait ainsi comme un volume mural, dont l&rsquo;un des pans faisait saillie perpendiculairement au mur, et dont l&rsquo;autre s&rsquo;offrait \u00e0 la lecture (Fig. 11). Cet accrochage mettait en avant la dimension sculpturale des plis tout en se conformant \u00e0 leur grande \u00e9conomie mat\u00e9rielle et formelle, et correspondait en cela aux <em>Choses vues<\/em> elles-m\u00eames\u00a0: des objets ou des situations ordinaires, que leur inventaire sous forme de descriptions factuelles incite \u00e0 consid\u00e9rer avec une attention renouvel\u00e9e, telles des sculptures latentes, perform\u00e9es par le langage.<\/p>\n<figure id=\"attachment_230\" aria-describedby=\"caption-attachment-230\" style=\"width: 840px\" class=\"wp-caption aligncenter\"><img data-recalc-dims=\"1\" loading=\"lazy\" decoding=\"async\" class=\"wp-image-230 size-large\" src=\"https:\/\/i0.wp.com\/revueexpne.cluster003.ovh.net\/wp-content\/uploads\/2016\/05\/Watier_2-1024x768.jpg?resize=840%2C630\" width=\"840\" height=\"630\" srcset=\"https:\/\/i0.wp.com\/www.revue-exposition.com\/wp-content\/uploads\/2016\/05\/Watier_2.jpg?resize=1024%2C768&amp;ssl=1 1024w, https:\/\/i0.wp.com\/www.revue-exposition.com\/wp-content\/uploads\/2016\/05\/Watier_2.jpg?resize=300%2C225&amp;ssl=1 300w, https:\/\/i0.wp.com\/www.revue-exposition.com\/wp-content\/uploads\/2016\/05\/Watier_2.jpg?resize=768%2C576&amp;ssl=1 768w, https:\/\/i0.wp.com\/www.revue-exposition.com\/wp-content\/uploads\/2016\/05\/Watier_2.jpg?resize=1200%2C900&amp;ssl=1 1200w, https:\/\/i0.wp.com\/www.revue-exposition.com\/wp-content\/uploads\/2016\/05\/Watier_2.jpg?w=1680&amp;ssl=1 1680w, https:\/\/i0.wp.com\/www.revue-exposition.com\/wp-content\/uploads\/2016\/05\/Watier_2.jpg?w=2520&amp;ssl=1 2520w\" sizes=\"auto, (max-width: 709px) 85vw, (max-width: 909px) 67vw, (max-width: 1362px) 62vw, 840px\" \/><figcaption id=\"caption-attachment-230\" class=\"wp-caption-text\">Fig. 11 : \u00c9ric Watier, Ni fait, ni \u00e0 faire. Choses vues, exp., Montpellier, Frac Languedoc-Roussillon, 2008 \u00a9 \u00c9ric Watier<\/figcaption><\/figure>\n<p style=\"text-align: justify;\">\u00c0 l&rsquo;occasion de la m\u00eame exposition, \u00c9ric Watier proposa \u00e9galement un accrochage mural de son <em>BLOC<\/em><a href=\"#_ftn26\" name=\"_ftnref26\">[26]<\/a>, une \u00e9dition r\u00e9unissant dans une nouvelle maquette une grande part de sa production \u00e9ditoriale, rassembl\u00e9e en plusieurs centaines de pages simplement encoll\u00e9es par la tranche, et dissociables de ce fait comme celles d&rsquo;un bloc-note, pour pouvoir \u00eatre dispers\u00e9es ou expos\u00e9es \u00e0 la demande (Fig. 12). \u00ab\u00a0BLOC est \u00e0 la fois un livre et une exposition\u00a0\u00bb, et c&rsquo;est en cela qu&rsquo;il \u00e9chappe \u00e0 l&rsquo;\u00e9cueil de l&rsquo;exposition du livre\u00a0: \u00ab\u00a0Un livre parce qu&rsquo;il est l&rsquo;assemblage d&rsquo;un assez grand nombre de feuilles. Une exposition parce que chaque feuille peut \u00eatre d\u00e9tach\u00e9e, dispers\u00e9e, pos\u00e9e sur une table, placard\u00e9e au mur, encadr\u00e9e, etc.<a href=\"#_ftn27\" name=\"_ftnref27\">[27]<\/a>\u00bb. Mais ce que semble alors confirmer cette \u00e9dition, et dans une moindre mesure les accrochages de ses plis par \u00c9ric Watier, c&rsquo;est que pour s&rsquo;exposer au sens propre, une \u0153uvre \u00e9dit\u00e9e doit perdre sa mat\u00e9rialit\u00e9 et\/ou son usage de livre, pour en trouver d&rsquo;autres. L&rsquo;int\u00e9r\u00eat des trois situations d\u00e9crites pr\u00e9c\u00e9demment tient ainsi au fait que la perte du livre y est largement compens\u00e9e par la mise en place d&rsquo;une nouvelle situation artistique. Ce que l&rsquo;exposition du livre r\u00e9v\u00e8le ici, c&rsquo;est la capacit\u00e9 de cet objet \u00e0 devenir autre chose que lui-m\u00eame, son potentiel \u00e0 contenir \u2013 \u00e0 tenir dans ses strictes limites \u2013 des situations et des configurations qui peuvent exc\u00e9der son espace et sa temporalit\u00e9, qui peuvent le suspendre ou mener \u00e0 son \u00e9clatement en tant que livre. Le livre d&rsquo;artiste peut donc s&rsquo;exposer en tant qu&rsquo;\u0153uvre \u2013 et non en tant que document \u2013 \u00e0 la condition paradoxale de devenir autre chose que ce qu&rsquo;il est. Ou autrement dit\u00a0: le livre d&rsquo;artiste ne s&rsquo;expose pas mais il est possible de faire exposition \u00e0 partir du livre d&rsquo;artiste, ou encore conjointement \u00e0 celui-ci. Nous touchons l\u00e0 \u00e0 un vaste corpus\u00a0: celui des productions artistiques qui engagent des processus d&rsquo;adaptation, de traduction ou de rem\u00e9diation entre \u0153uvres expos\u00e9es et \u0153uvres \u00e9dit\u00e9es\u00a0; celui des pratiques \u00e9ditoriales qui s\u2019articulent \u00e0 des situations d\u2019exposition avec lesquelles elles coexistent, dont elles r\u00e9sultent ou au contraire qu\u2019elles initient et qui, tout en participant de modalit\u00e9s d\u2019exposition au sens habituel du terme, en remettent pourtant en question certains fondements li\u00e9s \u00e0 leur fonction monstrative, commerciale, objectale, documentaire, etc.<\/p>\n<figure id=\"attachment_228\" aria-describedby=\"caption-attachment-228\" style=\"width: 840px\" class=\"wp-caption aligncenter\"><img data-recalc-dims=\"1\" loading=\"lazy\" decoding=\"async\" class=\"wp-image-228 size-large\" src=\"https:\/\/i0.wp.com\/revueexpne.cluster003.ovh.net\/wp-content\/uploads\/2016\/05\/Watier_3-1024x686.jpg?resize=840%2C563\" width=\"840\" height=\"563\" srcset=\"https:\/\/i0.wp.com\/www.revue-exposition.com\/wp-content\/uploads\/2016\/05\/Watier_3.jpg?resize=1024%2C686&amp;ssl=1 1024w, https:\/\/i0.wp.com\/www.revue-exposition.com\/wp-content\/uploads\/2016\/05\/Watier_3.jpg?resize=300%2C201&amp;ssl=1 300w, https:\/\/i0.wp.com\/www.revue-exposition.com\/wp-content\/uploads\/2016\/05\/Watier_3.jpg?resize=768%2C514&amp;ssl=1 768w, https:\/\/i0.wp.com\/www.revue-exposition.com\/wp-content\/uploads\/2016\/05\/Watier_3.jpg?resize=1200%2C803&amp;ssl=1 1200w, https:\/\/i0.wp.com\/www.revue-exposition.com\/wp-content\/uploads\/2016\/05\/Watier_3.jpg?w=1680&amp;ssl=1 1680w, https:\/\/i0.wp.com\/www.revue-exposition.com\/wp-content\/uploads\/2016\/05\/Watier_3.jpg?w=2520&amp;ssl=1 2520w\" sizes=\"auto, (max-width: 709px) 85vw, (max-width: 909px) 67vw, (max-width: 1362px) 62vw, 840px\" \/><figcaption id=\"caption-attachment-228\" class=\"wp-caption-text\">Fig. 12 : \u00c9ric Watier, Ni fait ni \u00e0 faire. BLOC, exp., Montpellier, Frac Languedoc-Roussillon, 2008 \u00a9 \u00c9ric Watier<\/figcaption><\/figure>\n<p style=\"text-align: justify;\">Ce vaste champ recouvre l&rsquo;ensemble des relations conceptuelles entre le livre d&rsquo;artiste et l&rsquo;exposition, plut\u00f4t qu&rsquo;il ne concerne l&rsquo;exposition du livre d&rsquo;artiste \u00e0 proprement parler. Je me permettrais donc \u00e0 nouveau de renvoyer \u00e0 ma th\u00e8se et aux textes dans lesquels j&rsquo;ai d\u00e9j\u00e0 d\u00e9velopp\u00e9 ce sujet<a href=\"#_ftn28\" name=\"_ftnref28\">[28]<\/a>.<\/p>\n<p style=\"text-align: justify;\">Par-del\u00e0 les frustrations qu&rsquo;elle peut susciter, c&rsquo;est en fait en tant qu&rsquo;exp\u00e9rimentation d&rsquo;une r\u00e9sistance du livre aux modalit\u00e9s les plus habituelles de notre relation \u00e0 l&rsquo;art que la possibilit\u00e9 d&rsquo;exposer les livres d&rsquo;artistes s&rsquo;av\u00e8re int\u00e9ressante. Si de prime abord l&rsquo;on peut penser voir des livres dans de telles expositions, ou en manipuler dans ces salons de lecture parfois accueillis dans des espaces d&rsquo;art, ce qui s&rsquo;expose l\u00e0 v\u00e9ritablement, c&rsquo;est d&rsquo;abord cette r\u00e9sistance, cette dialectique tendue de deux pratiques, et ce faisant, de l&rsquo;art et de ses marges.<\/p>\n<p>&nbsp;<\/p>\n<p style=\"text-align: justify;\"><strong>Notes<\/strong><\/p>\n<p style=\"text-align: justify;\"><a href=\"#_ftnref1\" name=\"_ftn1\">[1]<\/a> Pour ne s&rsquo;en tenir qu&rsquo;\u00e0 la France, citons par exemple le centre national \u00c9dition art image (CNEAI) \u00e0 Chatou (Yvelines), en ligne\u00a0: <a href=\"http:\/\/www.cneai.com\/\">www.cneai.com<\/a>\u00a0; le centre des Livres d&rsquo;artistes (CDLA) \u00e0 Saint-Yrieix-la-Perche (Haute-Vienne), en ligne\u00a0: <a href=\"http:\/\/www.cdla.info\/\">www.cdla.info<\/a> \u00a0; le cabinet du Livre d&rsquo;artiste \u00e0 l&rsquo;universit\u00e9 Rennes 2, en ligne\u00a0: <a href=\"http:\/\/www.incertain-sens.org\/\">www.incertain-sens.org<\/a> (consult\u00e9s en octobre 2015).<\/p>\n<p style=\"text-align: justify;\"><a href=\"#_ftnref2\" name=\"_ftn2\">[2]<\/a> Pour un aper\u00e7u du ph\u00e9nom\u00e8ne et un inventaire des ressources qui en attestent, voir notamment la section\u00a0: \u00ab\u00a0Exhibition Catalogues\u00a0\u00bb, Desjardin A., <em>The Book on Books on Artists Books<\/em>, Londres, Everyday Press, 2013 (2011), p. 11-74.<\/p>\n<p style=\"text-align: justify;\"><a href=\"#_ftnref3\" name=\"_ftn3\">[3]<\/a> Dupeyrat J., \u00ab \u201c<em>As cheap and accessible as comic books\u201d<\/em>. L&rsquo;utopie d\u00e9mocratique du livre d&rsquo;artiste\u00a0\u00bb, \u0394\u2144\u25cf, n\u00b0 3, 10\/2012, p. 11-29, en ligne\u00a0: <a href=\"http:\/\/f-u-t-u-r-e.org\/r\/12_Jerome-Dupeyrat_L-Utopie-democratique-du-livre-d-artiste_FR.md\">http:\/\/f-u-t-u-r-e.org\/r\/12_Jerome-Dupeyrat_L-Utopie-democratique-du-livre-d-artiste_FR.md<\/a> (consult\u00e9 en octobre 2015).<\/p>\n<p style=\"text-align: justify;\"><a href=\"#_ftnref4\" name=\"_ftn4\">[4]<\/a> Linker K., \u00ab The Artists\u2019 Book as an Alternative Space \u00bb, <em>Nouvelle revue d\u2019esth\u00e9tique<\/em>, n\u00b0 2, 2008, p. 14. Pr\u00e9c\u00e9demment publi\u00e9 dans\u00a0: <em>Studio International<\/em>, vol. 195, n\u00b0 990, 1980, p. 75-79 [traduit par J\u00e9r\u00f4me Glicenstein].<\/p>\n<p style=\"text-align: justify;\"><a href=\"#_ftnref5\" name=\"_ftn5\">[5]<\/a> <em>Ibid.<\/em>, p. 15.<\/p>\n<p style=\"text-align: justify;\"><a href=\"#_ftnref6\" name=\"_ftn6\">[6]<\/a> Wilson M., \u00ab Artists Book as Alternative Space \u00bb, <em>Artists Books\/Bookworks<\/em>, cat. exp. (\u00c9tats-Unis &amp; Australie, 1978), en ligne\u00a0: <a href=\"http:\/\/franklinfurnace.org\/research\/related\/artists_books_as_alternative_space.php\">http:\/\/franklinfurnace.org\/research\/related\/artists_books_as_alternative_space.php<\/a> (consult\u00e9 en octobre 2015).<\/p>\n<p style=\"text-align: justify;\"><a href=\"#_ftnref7\" name=\"_ftn7\">[7]<\/a> <em>Ibid<\/em><em>.<\/em><\/p>\n<p style=\"text-align: justify;\"><a href=\"#_ftnref8\" name=\"_ftn8\">[8]<\/a> Voir notamment\u00a0: O\u2019Doherty B., <em>White Cube. L\u2019espace de la galerie et son id\u00e9ologie <\/em><em>(1976-1981)<\/em>, Zurich, JRP Ringier, 2008 (1976).<\/p>\n<p style=\"text-align: justify;\"><a href=\"#_ftnref9\" name=\"_ftn9\">[9]<\/a> Dupeyrat J., <em>Les livres d&rsquo;artistes entre pratiques alternatives \u00e0 l&rsquo;exposition et pratiques d&rsquo;exposition alternatives<\/em>, th\u00e8se de doctorat sous la dir. de Leszek Brogowski, Universit\u00e9 Rennes 2, 2012, 1 vol.<\/p>\n<p style=\"text-align: justify;\"><a href=\"#_ftnref10\" name=\"_ftn10\">[10]<\/a> Poinsot J.-M., \u00ab\u00a0D\u00e9ni d&rsquo;exposition\u00a0\u00bb<em>, Quand l\u2019\u0153uvre a lieu. L\u2019art expos\u00e9 et ses r\u00e9cits autoris\u00e9s<\/em>, Dijon, Les presses du r\u00e9el, 2008 (1999), p. 110-124.<\/p>\n<p style=\"text-align: justify;\"><a href=\"#_ftnref11\" name=\"_ftn11\">[11]<\/a> <em>Art &amp; Project Bulletin<\/em>, n\u00b0 17 : \u00ab\u00a0Robert Barry\u00a0\u00bb, 1969.<\/p>\n<p style=\"text-align: justify;\"><a href=\"#_ftnref12\" name=\"_ftn12\">[12]<\/a> <em>69, ann\u00e9e conceptuelle<\/em>, exp., Toulouse, Les Abattoirs \u2013 Frac Midi-Pyr\u00e9n\u00e9es, 2010-2011. Cette exposition consacr\u00e9e aux publications des artistes conceptuels aux tournant des ann\u00e9es 1960 et 1970 mettait plus particuli\u00e8rement l&rsquo;accent sur le travail de l&rsquo;\u00e9diteur et marchant d&rsquo;art Seth Siegelaub.<\/p>\n<p style=\"text-align: justify;\"><a href=\"#_ftnref13\" name=\"_ftn13\">[13]<\/a> L&rsquo;\u00e9quipe de la m\u00e9diath\u00e8que du mus\u00e9e des Abattoirs \u00e0 Toulouse est compos\u00e9e de Corinne Gaspari, sa responsable, et Fabrice Raymond, charg\u00e9 du fonds des livres d&rsquo;artistes.<\/p>\n<p style=\"text-align: justify;\"><a href=\"#_ftnref14\" name=\"_ftn14\">[14]<\/a> <em>A Kind of \u00ab\u00a0huh?\u00a0\u00bb<\/em>, exp., Toulouse, Les Abattoirs \u2013 Frac Midi-Pyr\u00e9n\u00e9es, 2012-2013.<\/p>\n<p style=\"text-align: justify;\"><a href=\"#_ftnref15\" name=\"_ftn15\">[15]<\/a> <em>La quatri\u00e8me classe<\/em>, exp., Paris, Galerie Florence Loewy, 2013.<\/p>\n<p style=\"text-align: justify;\"><a href=\"#_ftnref16\" name=\"_ftn16\">[16]<\/a> <em>Bibliologie. Livres et \u00e9ditions d&rsquo;artistes dans la collection du Frac Haute-Normandie<\/em>, exp., Sotteville-l\u00e8s-Rouen, Frac Haute-Normandie, 2014.<\/p>\n<p style=\"text-align: justify;\"><a href=\"#_ftnref17\" name=\"_ftn17\">[17]<\/a> Lonardoni F., \u00ab\u00a0Objets de vitrine et de curiosit\u00e9\u00a0\u00bb, M\u00e9lois C. (dir.), <em>Publier ]\u2026[ exposer. Les pratiques \u00e9ditoriales et la question de l&rsquo;exposition<\/em>, N\u00eemes, \u00c9cole sup\u00e9rieure des beaux-arts de N\u00eemes, 2012, p. 81.<\/p>\n<p style=\"text-align: justify;\"><a href=\"#_ftnref18\" name=\"_ftn18\">[18]<\/a> \u00c0 ce sujet, voir\u00a0: Cheetham C., Demay S. (dir.),\u00a0<em>Open Books<\/em>, Londres, Hato Press, 2015.<\/p>\n<p style=\"text-align: justify;\"><a href=\"#_ftnref19\" name=\"_ftn19\">[19]<\/a> <em>I.S.B.N. (livres d&rsquo;artistes et apr\u00e8s)<\/em>, exp., Montpellier, Galerie Aperto, 2008.<\/p>\n<p style=\"text-align: justify;\"><a href=\"#_ftnref20\" name=\"_ftn20\">[20]<\/a> Watier \u00c9., communiqu\u00e9 de l&rsquo;exposition, en ligne\u00a0: <a href=\"http:\/\/www.ericwatier.info\/expositions\/isbn\/\">http:\/\/www.ericwatier.info\/expositions\/isbn\/<\/a> (consult\u00e9 en octobre 2015)\u00a0: \u00ab\u00a0Un objet d\u2019aspect souvent ordinaire, mais exceptionnel dans l\u2019exacte mesure o\u00f9 l\u2019auteur ne dissocie pas la forme de son contenu et fait de chaque livre un objet artistique \u00e0 la fois original et multipli\u00e9\u00a0\u00bb.<\/p>\n<p style=\"text-align: justify;\"><a href=\"#_ftnref21\" name=\"_ftn21\">[21]<\/a> <em>Table d\u2019h\u00f4tes<\/em>, exp., Lyon, 14-16 rue Terraille\u00a0; Villeurbanne, institut d\u2019Art contemporain, 2007-2010, en ligne\u00a0: <a href=\"http:\/\/table-d-hotes.blogspot.fr\/\">http:\/\/table-d-hotes.blogspot.fr\/<\/a> (consult\u00e9 en octobre 2015).<\/p>\n<p style=\"text-align: justify;\"><a href=\"#_ftnref22\" name=\"_ftn22\">[22]<\/a> Meyssonnier F., \u00ab\u00a0D&rsquo;une puissante banalit\u00e9\u00a0\u00bb, <em>04<\/em>, n\u00b0 8, printemps 2011, p. 6 (<em>ibid.<\/em> pour la citation suivante).<\/p>\n<p style=\"text-align: justify;\"><a href=\"#_ftnref23\" name=\"_ftn23\">[23]<\/a> Lonardoni F., \u00ab\u00a0Objets de vitrine et de curiosit\u00e9\u00a0\u00bb, M\u00e9lois C. (dir.), <em>Publier ]\u2026[ exposer. Les pratiques \u00e9ditoriales et la question de l&rsquo;exposition<\/em>, N\u00eemes, \u00c9cole sup\u00e9rieure des beaux-arts de N\u00eemes, 2012, p. 81.<\/p>\n<p style=\"text-align: justify;\"><a href=\"#_ftnref24\" name=\"_ftn24\">[24]<\/a> Davallon J., <em>L\u2019exposition \u00e0 l\u2019\u0153uvre. Strat\u00e9gies de communication et m\u00e9diation symbolique<\/em>, Paris, L\u2019Harmattan, 1999\u00a0; Davallon J., <a href=\"http:\/\/documents.irevues.inist.fr\/bitstream\/handle\/2042\/23275\/2003_09_27.pdf?sequence=1&amp;isAllowed=y\">\u00ab Pourquoi consid\u00e9rer l\u2019exposition comme un m\u00e9dia \u00bb, <em>M\u00e9diamorphoses<\/em>, 9<\/a>, novembre 2003, p. 27-30.<\/p>\n<p style=\"text-align: justify;\"><a href=\"#_ftnref25\" name=\"_ftn25\">[25]<\/a> <em>Ni fait ni \u00e0 faire<\/em>, exp., Montpellier, Frac Languedoc-Roussillon, 2008.<\/p>\n<p style=\"text-align: justify;\"><a href=\"#_ftnref26\" name=\"_ftn26\">[26]<\/a> Watier \u00c9., <em>BLOC,<\/em> Brest, \u00c9d. Z\u00e9d\u00e9l\u00e9, 2006 (348 feuillets, 24 x 18 cm).<\/p>\n<p style=\"text-align: justify;\"><a href=\"#_ftnref27\" name=\"_ftn27\">[27]<\/a> <em>Ibid.<\/em>, texte imprim\u00e9 sur la jaquette de la publication.<\/p>\n<p style=\"text-align: justify;\"><a href=\"#_ftnref28\" name=\"_ftn28\">[28]<\/a>\u00a0Dupeyrat J., <em>Les livres d&rsquo;artistes entre pratiques alternatives \u00e0 l&rsquo;exposition et pratiques d&rsquo;exposition alternatives<\/em>, th\u00e8se de doctorat sous la dir. de Leszek Brogowski, Universit\u00e9 Rennes 2, 2012 ; voir \u00e9galement le site\u00a0: <a href=\"http:\/\/www.jrmdprt.net\/\">www.jrmdprt.net<\/a>.<\/p>\n<p>&nbsp;<br \/>\n<div class=\"wpcp\">Pour citer cet article : J\u00e9r\u00f4me Dupeyrat, \"L&rsquo;exposition des livres d&rsquo;artistes, ou son impossibilit\u00e9\", <em>exPosition<\/em>, 10 mai 2016, <a href=\"https:\/\/www.revue-exposition.com\/index.php\/articles\/dupeyrat-exposition-livres-artistes-ou-son-impossibilite\/%20\">https:\/\/www.revue-exposition.com\/index.php\/articles\/dupeyrat-exposition-livres-artistes-ou-son-impossibilite\/%20<\/a>. Consult\u00e9 le 1 mai 2026.<\/div><\/p>\n","protected":false},"excerpt":{"rendered":"<p>par J\u00e9r\u00f4me Dupeyrat &nbsp; &#8212;\u00a0J\u00e9r\u00f4me Dupeyrat (www.jrmdprt.net) est historien de l&rsquo;art. Ses activit\u00e9s incluent la critique, l&rsquo;\u00e9dition (Bat \u00e9ditions \/ &lt;o&gt; future &lt;o&gt;), le commissariat d&rsquo;exposition, la recherche et l&rsquo;enseignement (en particulier \u00e0 l&rsquo;isdaT beaux-arts, o\u00f9 il est co-responsable du programme de recherche \u00ab\u00a0LabBooks \u2014 \u00e9critures \u00e9ditoriales\u00a0\u00bb). \u00c0 partir de recherches sur les livres d&rsquo;artistes &hellip; <a href=\"https:\/\/www.revue-exposition.com\/index.php\/articles\/dupeyrat-exposition-livres-artistes-ou-son-impossibilite\/%20\" class=\"more-link\">Continuer la lecture<span class=\"screen-reader-text\"> de &laquo;&nbsp;L&rsquo;exposition des livres d&rsquo;artistes, ou son impossibilit\u00e9&nbsp;&raquo;<\/span><\/a><\/p>\n","protected":false},"author":7,"featured_media":0,"comment_status":"open","ping_status":"open","sticky":false,"template":"","format":"standard","meta":{"jetpack_post_was_ever_published":false,"_jetpack_newsletter_access":"","_jetpack_dont_email_post_to_subs":false,"_jetpack_newsletter_tier_id":0,"_jetpack_memberships_contains_paywalled_content":false,"_jetpack_memberships_contains_paid_content":false,"footnotes":"","jetpack_publicize_message":"","jetpack_publicize_feature_enabled":true,"jetpack_social_post_already_shared":false,"jetpack_social_options":{"image_generator_settings":{"template":"highway","default_image_id":0,"font":"","enabled":false},"version":2}},"categories":[19],"tags":[48,33,58,43],"class_list":["post-207","post","type-post","status-publish","format-standard","hentry","category-articles","tag-art-contemporain","tag-exposition","tag-livre-dartiste","tag-musee"],"yoast_head":"<!-- This site is optimized with the Yoast SEO plugin v27.0 - https:\/\/yoast.com\/product\/yoast-seo-wordpress\/ -->\n<title>L&#039;exposition des livres d&#039;artistes, ou son impossibilit\u00e9 - exPosition<\/title>\n<meta name=\"description\" content=\"par J\u00e9r\u00f4me Dupeyrat. Exposer des livres est un exercice dont l&#039;issue est souvent d\u00e9cevante, aussi bien pour les spectateurs-lecteurs que pour les commissaires d&#039;expositions, les auteurs, les \u00e9diteurs ou encore les graphistes.\" \/>\n<meta name=\"robots\" content=\"index, follow, max-snippet:-1, max-image-preview:large, max-video-preview:-1\" \/>\n<link rel=\"canonical\" href=\"https:\/\/www.revue-exposition.com\/index.php\/articles\/dupeyrat-exposition-livres-artistes-ou-son-impossibilite\/%20\" \/>\n<meta property=\"og:locale\" content=\"fr_FR\" \/>\n<meta property=\"og:type\" content=\"article\" \/>\n<meta property=\"og:title\" content=\"L&#039;exposition des livres d&#039;artistes, ou son impossibilit\u00e9 - exPosition\" \/>\n<meta property=\"og:description\" content=\"par J\u00e9r\u00f4me Dupeyrat. Exposer des livres est un exercice dont l&#039;issue est souvent d\u00e9cevante, aussi bien pour les spectateurs-lecteurs que pour les commissaires d&#039;expositions, les auteurs, les \u00e9diteurs ou encore les graphistes.\" \/>\n<meta property=\"og:url\" content=\"https:\/\/www.revue-exposition.com\/index.php\/articles\/dupeyrat-exposition-livres-artistes-ou-son-impossibilite\/ \" \/>\n<meta property=\"og:site_name\" content=\"exPosition\" \/>\n<meta property=\"article:published_time\" content=\"2016-05-10T14:15:02+00:00\" \/>\n<meta property=\"article:modified_time\" content=\"2016-07-02T13:06:15+00:00\" \/>\n<meta property=\"og:image\" content=\"http:\/\/revueexpne.cluster003.ovh.net\/wp-content\/uploads\/2016\/05\/69-933x1024.jpg\" \/>\n<meta name=\"author\" content=\"J\u00e9r\u00f4me Dupeyrat\" \/>\n<meta name=\"twitter:card\" content=\"summary_large_image\" \/>\n<meta name=\"twitter:label1\" content=\"\u00c9crit par\" \/>\n\t<meta name=\"twitter:data1\" content=\"J\u00e9r\u00f4me Dupeyrat\" \/>\n\t<meta name=\"twitter:label2\" content=\"Dur\u00e9e de lecture estim\u00e9e\" \/>\n\t<meta name=\"twitter:data2\" content=\"29 minutes\" \/>\n<script type=\"application\/ld+json\" class=\"yoast-schema-graph\">{\"@context\":\"https:\/\/schema.org\",\"@graph\":[{\"@type\":\"Article\",\"@id\":\"https:\/\/www.revue-exposition.com\/index.php\/articles\/dupeyrat-exposition-livres-artistes-ou-son-impossibilite\/%20#article\",\"isPartOf\":{\"@id\":\"https:\/\/www.revue-exposition.com\/index.php\/articles\/dupeyrat-exposition-livres-artistes-ou-son-impossibilite\/%20\"},\"author\":{\"name\":\"J\u00e9r\u00f4me Dupeyrat\",\"@id\":\"https:\/\/www.revue-exposition.com\/#\/schema\/person\/33408ce1a70f3fbf1132b384f02476e7\"},\"headline\":\"L&rsquo;exposition des livres d&rsquo;artistes, ou son impossibilit\u00e9\",\"datePublished\":\"2016-05-10T14:15:02+00:00\",\"dateModified\":\"2016-07-02T13:06:15+00:00\",\"mainEntityOfPage\":{\"@id\":\"https:\/\/www.revue-exposition.com\/index.php\/articles\/dupeyrat-exposition-livres-artistes-ou-son-impossibilite\/%20\"},\"wordCount\":5879,\"commentCount\":0,\"publisher\":{\"@id\":\"https:\/\/www.revue-exposition.com\/#organization\"},\"image\":{\"@id\":\"https:\/\/www.revue-exposition.com\/index.php\/articles\/dupeyrat-exposition-livres-artistes-ou-son-impossibilite\/%20#primaryimage\"},\"thumbnailUrl\":\"http:\/\/revueexpne.cluster003.ovh.net\/wp-content\/uploads\/2016\/05\/69-933x1024.jpg\",\"keywords\":[\"art contemporain\",\"exposition\",\"livre d'artiste\",\"mus\u00e9e\"],\"articleSection\":[\"N\u00b0 1\/2016\"],\"inLanguage\":\"fr-FR\",\"potentialAction\":[{\"@type\":\"CommentAction\",\"name\":\"Comment\",\"target\":[\"https:\/\/www.revue-exposition.com\/index.php\/articles\/dupeyrat-exposition-livres-artistes-ou-son-impossibilite\/%20#respond\"]}]},{\"@type\":\"WebPage\",\"@id\":\"https:\/\/www.revue-exposition.com\/index.php\/articles\/dupeyrat-exposition-livres-artistes-ou-son-impossibilite\/%20\",\"url\":\"https:\/\/www.revue-exposition.com\/index.php\/articles\/dupeyrat-exposition-livres-artistes-ou-son-impossibilite\/%20\",\"name\":\"L'exposition des livres d'artistes, ou son impossibilit\u00e9 - exPosition\",\"isPartOf\":{\"@id\":\"https:\/\/www.revue-exposition.com\/#website\"},\"primaryImageOfPage\":{\"@id\":\"https:\/\/www.revue-exposition.com\/index.php\/articles\/dupeyrat-exposition-livres-artistes-ou-son-impossibilite\/%20#primaryimage\"},\"image\":{\"@id\":\"https:\/\/www.revue-exposition.com\/index.php\/articles\/dupeyrat-exposition-livres-artistes-ou-son-impossibilite\/%20#primaryimage\"},\"thumbnailUrl\":\"http:\/\/revueexpne.cluster003.ovh.net\/wp-content\/uploads\/2016\/05\/69-933x1024.jpg\",\"datePublished\":\"2016-05-10T14:15:02+00:00\",\"dateModified\":\"2016-07-02T13:06:15+00:00\",\"description\":\"par J\u00e9r\u00f4me Dupeyrat. Exposer des livres est un exercice dont l'issue est souvent d\u00e9cevante, aussi bien pour les spectateurs-lecteurs que pour les commissaires d'expositions, les auteurs, les \u00e9diteurs ou encore les graphistes.\",\"breadcrumb\":{\"@id\":\"https:\/\/www.revue-exposition.com\/index.php\/articles\/dupeyrat-exposition-livres-artistes-ou-son-impossibilite\/%20#breadcrumb\"},\"inLanguage\":\"fr-FR\",\"potentialAction\":[{\"@type\":\"ReadAction\",\"target\":[\"https:\/\/www.revue-exposition.com\/index.php\/articles\/dupeyrat-exposition-livres-artistes-ou-son-impossibilite\/%20\"]}]},{\"@type\":\"ImageObject\",\"inLanguage\":\"fr-FR\",\"@id\":\"https:\/\/www.revue-exposition.com\/index.php\/articles\/dupeyrat-exposition-livres-artistes-ou-son-impossibilite\/%20#primaryimage\",\"url\":\"http:\/\/revueexpne.cluster003.ovh.net\/wp-content\/uploads\/2016\/05\/69-933x1024.jpg\",\"contentUrl\":\"http:\/\/revueexpne.cluster003.ovh.net\/wp-content\/uploads\/2016\/05\/69-933x1024.jpg\"},{\"@type\":\"BreadcrumbList\",\"@id\":\"https:\/\/www.revue-exposition.com\/index.php\/articles\/dupeyrat-exposition-livres-artistes-ou-son-impossibilite\/%20#breadcrumb\",\"itemListElement\":[{\"@type\":\"ListItem\",\"position\":1,\"name\":\"Accueil\",\"item\":\"https:\/\/www.revue-exposition.com\/\"},{\"@type\":\"ListItem\",\"position\":2,\"name\":\"N\u00b0 1\/2016\",\"item\":\"https:\/\/www.revue-exposition.com\/index.php\/category\/articles\"},{\"@type\":\"ListItem\",\"position\":3,\"name\":\"L&rsquo;exposition des livres d&rsquo;artistes, ou son impossibilit\u00e9\"}]},{\"@type\":\"WebSite\",\"@id\":\"https:\/\/www.revue-exposition.com\/#website\",\"url\":\"https:\/\/www.revue-exposition.com\/\",\"name\":\"exPosition\",\"description\":\"Revue d&#039;analyse des enjeux propres \u00e0 l&#039;exposition des \u0153uvres et objets d&#039;art\",\"publisher\":{\"@id\":\"https:\/\/www.revue-exposition.com\/#organization\"},\"potentialAction\":[{\"@type\":\"SearchAction\",\"target\":{\"@type\":\"EntryPoint\",\"urlTemplate\":\"https:\/\/www.revue-exposition.com\/?s={search_term_string}\"},\"query-input\":{\"@type\":\"PropertyValueSpecification\",\"valueRequired\":true,\"valueName\":\"search_term_string\"}}],\"inLanguage\":\"fr-FR\"},{\"@type\":\"Organization\",\"@id\":\"https:\/\/www.revue-exposition.com\/#organization\",\"name\":\"exPosition\",\"url\":\"https:\/\/www.revue-exposition.com\/\",\"logo\":{\"@type\":\"ImageObject\",\"inLanguage\":\"fr-FR\",\"@id\":\"https:\/\/www.revue-exposition.com\/#\/schema\/logo\/image\/\",\"url\":\"https:\/\/i2.wp.com\/www.revue-exposition.com\/wp-content\/uploads\/2016\/06\/cropped-logo-rond-noir.jpg?fit=512%2C512\",\"contentUrl\":\"https:\/\/i2.wp.com\/www.revue-exposition.com\/wp-content\/uploads\/2016\/06\/cropped-logo-rond-noir.jpg?fit=512%2C512\",\"width\":512,\"height\":512,\"caption\":\"exPosition\"},\"image\":{\"@id\":\"https:\/\/www.revue-exposition.com\/#\/schema\/logo\/image\/\"}},{\"@type\":\"Person\",\"@id\":\"https:\/\/www.revue-exposition.com\/#\/schema\/person\/33408ce1a70f3fbf1132b384f02476e7\",\"name\":\"J\u00e9r\u00f4me Dupeyrat\",\"url\":\"https:\/\/www.revue-exposition.com\/index.php\/author\/jerome-dupeyrat\"}]}<\/script>\n<!-- \/ Yoast SEO plugin. -->","yoast_head_json":{"title":"L'exposition des livres d'artistes, ou son impossibilit\u00e9 - exPosition","description":"par J\u00e9r\u00f4me Dupeyrat. Exposer des livres est un exercice dont l'issue est souvent d\u00e9cevante, aussi bien pour les spectateurs-lecteurs que pour les commissaires d'expositions, les auteurs, les \u00e9diteurs ou encore les graphistes.","robots":{"index":"index","follow":"follow","max-snippet":"max-snippet:-1","max-image-preview":"max-image-preview:large","max-video-preview":"max-video-preview:-1"},"canonical":"https:\/\/www.revue-exposition.com\/index.php\/articles\/dupeyrat-exposition-livres-artistes-ou-son-impossibilite\/ ","og_locale":"fr_FR","og_type":"article","og_title":"L'exposition des livres d'artistes, ou son impossibilit\u00e9 - exPosition","og_description":"par J\u00e9r\u00f4me Dupeyrat. Exposer des livres est un exercice dont l'issue est souvent d\u00e9cevante, aussi bien pour les spectateurs-lecteurs que pour les commissaires d'expositions, les auteurs, les \u00e9diteurs ou encore les graphistes.","og_url":"https:\/\/www.revue-exposition.com\/index.php\/articles\/dupeyrat-exposition-livres-artistes-ou-son-impossibilite\/ ","og_site_name":"exPosition","article_published_time":"2016-05-10T14:15:02+00:00","article_modified_time":"2016-07-02T13:06:15+00:00","og_image":[{"url":"http:\/\/revueexpne.cluster003.ovh.net\/wp-content\/uploads\/2016\/05\/69-933x1024.jpg","type":"","width":"","height":""}],"author":"J\u00e9r\u00f4me Dupeyrat","twitter_card":"summary_large_image","twitter_misc":{"\u00c9crit par":"J\u00e9r\u00f4me Dupeyrat","Dur\u00e9e de lecture estim\u00e9e":"29 minutes"},"schema":{"@context":"https:\/\/schema.org","@graph":[{"@type":"Article","@id":"https:\/\/www.revue-exposition.com\/index.php\/articles\/dupeyrat-exposition-livres-artistes-ou-son-impossibilite\/%20#article","isPartOf":{"@id":"https:\/\/www.revue-exposition.com\/index.php\/articles\/dupeyrat-exposition-livres-artistes-ou-son-impossibilite\/%20"},"author":{"name":"J\u00e9r\u00f4me Dupeyrat","@id":"https:\/\/www.revue-exposition.com\/#\/schema\/person\/33408ce1a70f3fbf1132b384f02476e7"},"headline":"L&rsquo;exposition des livres d&rsquo;artistes, ou son impossibilit\u00e9","datePublished":"2016-05-10T14:15:02+00:00","dateModified":"2016-07-02T13:06:15+00:00","mainEntityOfPage":{"@id":"https:\/\/www.revue-exposition.com\/index.php\/articles\/dupeyrat-exposition-livres-artistes-ou-son-impossibilite\/%20"},"wordCount":5879,"commentCount":0,"publisher":{"@id":"https:\/\/www.revue-exposition.com\/#organization"},"image":{"@id":"https:\/\/www.revue-exposition.com\/index.php\/articles\/dupeyrat-exposition-livres-artistes-ou-son-impossibilite\/%20#primaryimage"},"thumbnailUrl":"http:\/\/revueexpne.cluster003.ovh.net\/wp-content\/uploads\/2016\/05\/69-933x1024.jpg","keywords":["art contemporain","exposition","livre d'artiste","mus\u00e9e"],"articleSection":["N\u00b0 1\/2016"],"inLanguage":"fr-FR","potentialAction":[{"@type":"CommentAction","name":"Comment","target":["https:\/\/www.revue-exposition.com\/index.php\/articles\/dupeyrat-exposition-livres-artistes-ou-son-impossibilite\/%20#respond"]}]},{"@type":"WebPage","@id":"https:\/\/www.revue-exposition.com\/index.php\/articles\/dupeyrat-exposition-livres-artistes-ou-son-impossibilite\/%20","url":"https:\/\/www.revue-exposition.com\/index.php\/articles\/dupeyrat-exposition-livres-artistes-ou-son-impossibilite\/%20","name":"L'exposition des livres d'artistes, ou son impossibilit\u00e9 - exPosition","isPartOf":{"@id":"https:\/\/www.revue-exposition.com\/#website"},"primaryImageOfPage":{"@id":"https:\/\/www.revue-exposition.com\/index.php\/articles\/dupeyrat-exposition-livres-artistes-ou-son-impossibilite\/%20#primaryimage"},"image":{"@id":"https:\/\/www.revue-exposition.com\/index.php\/articles\/dupeyrat-exposition-livres-artistes-ou-son-impossibilite\/%20#primaryimage"},"thumbnailUrl":"http:\/\/revueexpne.cluster003.ovh.net\/wp-content\/uploads\/2016\/05\/69-933x1024.jpg","datePublished":"2016-05-10T14:15:02+00:00","dateModified":"2016-07-02T13:06:15+00:00","description":"par J\u00e9r\u00f4me Dupeyrat. Exposer des livres est un exercice dont l'issue est souvent d\u00e9cevante, aussi bien pour les spectateurs-lecteurs que pour les commissaires d'expositions, les auteurs, les \u00e9diteurs ou encore les graphistes.","breadcrumb":{"@id":"https:\/\/www.revue-exposition.com\/index.php\/articles\/dupeyrat-exposition-livres-artistes-ou-son-impossibilite\/%20#breadcrumb"},"inLanguage":"fr-FR","potentialAction":[{"@type":"ReadAction","target":["https:\/\/www.revue-exposition.com\/index.php\/articles\/dupeyrat-exposition-livres-artistes-ou-son-impossibilite\/%20"]}]},{"@type":"ImageObject","inLanguage":"fr-FR","@id":"https:\/\/www.revue-exposition.com\/index.php\/articles\/dupeyrat-exposition-livres-artistes-ou-son-impossibilite\/%20#primaryimage","url":"http:\/\/revueexpne.cluster003.ovh.net\/wp-content\/uploads\/2016\/05\/69-933x1024.jpg","contentUrl":"http:\/\/revueexpne.cluster003.ovh.net\/wp-content\/uploads\/2016\/05\/69-933x1024.jpg"},{"@type":"BreadcrumbList","@id":"https:\/\/www.revue-exposition.com\/index.php\/articles\/dupeyrat-exposition-livres-artistes-ou-son-impossibilite\/%20#breadcrumb","itemListElement":[{"@type":"ListItem","position":1,"name":"Accueil","item":"https:\/\/www.revue-exposition.com\/"},{"@type":"ListItem","position":2,"name":"N\u00b0 1\/2016","item":"https:\/\/www.revue-exposition.com\/index.php\/category\/articles"},{"@type":"ListItem","position":3,"name":"L&rsquo;exposition des livres d&rsquo;artistes, ou son impossibilit\u00e9"}]},{"@type":"WebSite","@id":"https:\/\/www.revue-exposition.com\/#website","url":"https:\/\/www.revue-exposition.com\/","name":"exPosition","description":"Revue d&#039;analyse des enjeux propres \u00e0 l&#039;exposition des \u0153uvres et objets d&#039;art","publisher":{"@id":"https:\/\/www.revue-exposition.com\/#organization"},"potentialAction":[{"@type":"SearchAction","target":{"@type":"EntryPoint","urlTemplate":"https:\/\/www.revue-exposition.com\/?s={search_term_string}"},"query-input":{"@type":"PropertyValueSpecification","valueRequired":true,"valueName":"search_term_string"}}],"inLanguage":"fr-FR"},{"@type":"Organization","@id":"https:\/\/www.revue-exposition.com\/#organization","name":"exPosition","url":"https:\/\/www.revue-exposition.com\/","logo":{"@type":"ImageObject","inLanguage":"fr-FR","@id":"https:\/\/www.revue-exposition.com\/#\/schema\/logo\/image\/","url":"https:\/\/i2.wp.com\/www.revue-exposition.com\/wp-content\/uploads\/2016\/06\/cropped-logo-rond-noir.jpg?fit=512%2C512","contentUrl":"https:\/\/i2.wp.com\/www.revue-exposition.com\/wp-content\/uploads\/2016\/06\/cropped-logo-rond-noir.jpg?fit=512%2C512","width":512,"height":512,"caption":"exPosition"},"image":{"@id":"https:\/\/www.revue-exposition.com\/#\/schema\/logo\/image\/"}},{"@type":"Person","@id":"https:\/\/www.revue-exposition.com\/#\/schema\/person\/33408ce1a70f3fbf1132b384f02476e7","name":"J\u00e9r\u00f4me Dupeyrat","url":"https:\/\/www.revue-exposition.com\/index.php\/author\/jerome-dupeyrat"}]}},"jetpack_publicize_connections":[],"jetpack_featured_media_url":"","jetpack_sharing_enabled":true,"jetpack_shortlink":"https:\/\/wp.me\/p7FaMB-3l","_links":{"self":[{"href":"https:\/\/www.revue-exposition.com\/index.php\/wp-json\/wp\/v2\/posts\/207","targetHints":{"allow":["GET"]}}],"collection":[{"href":"https:\/\/www.revue-exposition.com\/index.php\/wp-json\/wp\/v2\/posts"}],"about":[{"href":"https:\/\/www.revue-exposition.com\/index.php\/wp-json\/wp\/v2\/types\/post"}],"author":[{"embeddable":true,"href":"https:\/\/www.revue-exposition.com\/index.php\/wp-json\/wp\/v2\/users\/7"}],"replies":[{"embeddable":true,"href":"https:\/\/www.revue-exposition.com\/index.php\/wp-json\/wp\/v2\/comments?post=207"}],"version-history":[{"count":49,"href":"https:\/\/www.revue-exposition.com\/index.php\/wp-json\/wp\/v2\/posts\/207\/revisions"}],"predecessor-version":[{"id":871,"href":"https:\/\/www.revue-exposition.com\/index.php\/wp-json\/wp\/v2\/posts\/207\/revisions\/871"}],"wp:attachment":[{"href":"https:\/\/www.revue-exposition.com\/index.php\/wp-json\/wp\/v2\/media?parent=207"}],"wp:term":[{"taxonomy":"category","embeddable":true,"href":"https:\/\/www.revue-exposition.com\/index.php\/wp-json\/wp\/v2\/categories?post=207"},{"taxonomy":"post_tag","embeddable":true,"href":"https:\/\/www.revue-exposition.com\/index.php\/wp-json\/wp\/v2\/tags?post=207"}],"curies":[{"name":"wp","href":"https:\/\/api.w.org\/{rel}","templated":true}]}}