{"id":2482,"date":"2022-12-08T10:17:32","date_gmt":"2022-12-08T09:17:32","guid":{"rendered":"https:\/\/www.revue-exposition.com\/?p=2482"},"modified":"2022-12-12T14:42:29","modified_gmt":"2022-12-12T13:42:29","slug":"2022","status":"publish","type":"post","link":"https:\/\/www.revue-exposition.com\/index.php\/sommaire-7\/2022\/%20","title":{"rendered":"7\/2022 &#8211; L&rsquo;exposition de collections priv\u00e9es dans les institutions publiques"},"content":{"rendered":"<p><strong>Introduction<\/strong><\/p>\n<p>&#8211; Alice Ensabella, <a href=\"https:\/\/www.revue-exposition.com\/index.php\/articles7\/ensabella-prive-public\">Du priv\u00e9 au public<\/a><\/p>\n<p>&nbsp;<\/p>\n<p><b>L<span lang=\"FR\">\u2019exposition de collections priv\u00e9es dans les institutions publiques (dossier dirig\u00e9 par Alice Ensabella)<br \/>\n<\/span><\/b><\/p>\n<p style=\"text-align: justify;\">&#8211; Kathryn Brown, <a href=\"https:\/\/www.revue-exposition.com\/index.php\/articles7\/brown-arts-inegalite\">Les arts de l&rsquo;in\u00e9galit\u00e9. Le pouvoir du collectionneur dans le domaine culturel et les risques du client\u00e9lisme<\/a><\/p>\n<p style=\"text-align: justify;\">&#8211; Morgan Labar, <a href=\"https:\/\/www.revue-exposition.com\/index.php\/articles7\/labar-collection-dakis-joannou\">La mise en visibilit\u00e9 de la collection Dakis Joannou : un enjeu pour l&rsquo;\u00e9criture de l&rsquo;histoire de l&rsquo;art contemporain globalis\u00e9<\/a><\/p>\n<p style=\"text-align: justify;\">&#8211; Gwendoline Corthier-Hardoin, <a href=\"https:\/\/www.revue-exposition.com\/index.php\/articles7\/corthier-visibilite-expositions-collections-privees-france\">La visibilit\u00e9 des expositions de collections priv\u00e9es en France. Entre strat\u00e9gie de rayonnement, de programmation et de d\u00e9classification<\/a><\/p>\n<p style=\"text-align: justify;\">&#8211; Veronica Locatelli, <a href=\"https:\/\/www.revue-exposition.com\/index.php\/articles7\/locatelli-collezione-boschi-di-stefano-milan\">De la villa urbaine \u00e0 la maison-mus\u00e9e : la Collezione Boschi Di Stefano de Milan<\/a><\/p>\n","protected":false},"excerpt":{"rendered":"<p>Introduction &#8211; Alice Ensabella, Du priv\u00e9 au public &nbsp; L\u2019exposition de collections priv\u00e9es dans les institutions publiques (dossier dirig\u00e9 par Alice Ensabella) &#8211; Kathryn Brown, Les arts de l&rsquo;in\u00e9galit\u00e9. Le pouvoir du collectionneur dans le domaine culturel et les risques du client\u00e9lisme &#8211; Morgan Labar, La mise en visibilit\u00e9 de la collection Dakis Joannou : &hellip; <a href=\"https:\/\/www.revue-exposition.com\/index.php\/sommaire-7\/2022\/%20\" class=\"more-link\">Continuer la lecture<span class=\"screen-reader-text\"> de &laquo;&nbsp;7\/2022 &#8211; L&rsquo;exposition de collections priv\u00e9es dans les institutions publiques&nbsp;&raquo;<\/span><\/a><\/p>\n","protected":false},"author":1,"featured_media":0,"comment_status":"open","ping_status":"open","sticky":false,"template":"","format":"standard","meta":{"jetpack_post_was_ever_published":false,"_jetpack_newsletter_access":"","_jetpack_dont_email_post_to_subs":false,"_jetpack_newsletter_tier_id":0,"_jetpack_memberships_contains_paywalled_content":false,"_jetpack_memberships_contains_paid_content":false,"footnotes":"","jetpack_publicize_message":"","jetpack_publicize_feature_enabled":true,"jetpack_social_post_already_shared":true,"jetpack_social_options":{"image_generator_settings":{"template":"highway","default_image_id":0,"font":"","enabled":false},"version":2}},"categories":[335],"tags":[34,336,146,346,337,355,356,77],"class_list":["post-2482","post","type-post","status-publish","format-standard","hentry","category-sommaire-7","tag-collections","tag-collections-privees","tag-expositions","tag-institutions-publiques","tag-musees","tag-prive","tag-public","tag-revue-exposition"],"yoast_head":"<!-- This site is optimized with the Yoast SEO plugin v27.0 - https:\/\/yoast.com\/product\/yoast-seo-wordpress\/ -->\n<title>7\/2022 - L&#039;exposition de collections priv\u00e9es dans les institutions publiques - exPosition<\/title>\n<meta name=\"description\" content=\"Sommaire du n\u00b0 7 sur l&#039;exposition de collections priv\u00e9es dans les institutions publiques, dirig\u00e9 par Alice Ensabella.\" \/>\n<meta name=\"robots\" content=\"index, follow, max-snippet:-1, max-image-preview:large, max-video-preview:-1\" \/>\n<link rel=\"canonical\" href=\"https:\/\/www.revue-exposition.com\/index.php\/sommaire-7\/2022\/%20\" \/>\n<meta property=\"og:locale\" content=\"fr_FR\" \/>\n<meta property=\"og:type\" content=\"article\" \/>\n<meta property=\"og:title\" content=\"7\/2022 - L&#039;exposition de collections priv\u00e9es dans les institutions publiques - exPosition\" \/>\n<meta property=\"og:description\" content=\"Sommaire du n\u00b0 7 sur l&#039;exposition de collections priv\u00e9es dans les institutions publiques, dirig\u00e9 par Alice Ensabella.\" \/>\n<meta property=\"og:url\" content=\"https:\/\/www.revue-exposition.com\/index.php\/sommaire-7\/2022\/ \" \/>\n<meta property=\"og:site_name\" content=\"exPosition\" \/>\n<meta property=\"article:published_time\" content=\"2022-12-08T09:17:32+00:00\" \/>\n<meta property=\"article:modified_time\" content=\"2022-12-12T13:42:29+00:00\" \/>\n<meta property=\"og:image\" content=\"https:\/\/www.revue-exposition.com\/wp-content\/uploads\/2016\/06\/logo-rond-noir.jpg\" \/>\n\t<meta property=\"og:image:width\" content=\"1000\" \/>\n\t<meta property=\"og:image:height\" content=\"1000\" \/>\n\t<meta property=\"og:image:type\" content=\"image\/jpeg\" \/>\n<meta name=\"author\" content=\"exPosition\" \/>\n<meta name=\"twitter:card\" content=\"summary_large_image\" \/>\n<meta name=\"twitter:image\" content=\"https:\/\/i0.wp.com\/www.revue-exposition.com\/wp-content\/uploads\/2016\/06\/logo-rond-noir.jpg?fit=1000%2C1000&ssl=1\" \/>\n<meta name=\"twitter:label1\" content=\"\u00c9crit par\" \/>\n\t<meta name=\"twitter:data1\" content=\"exPosition\" \/>\n\t<meta name=\"twitter:label2\" content=\"Dur\u00e9e de lecture estim\u00e9e\" \/>\n\t<meta name=\"twitter:data2\" content=\"1 minute\" \/>\n<script type=\"application\/ld+json\" class=\"yoast-schema-graph\">{\"@context\":\"https:\/\/schema.org\",\"@graph\":[{\"@type\":\"Article\",\"@id\":\"https:\/\/www.revue-exposition.com\/index.php\/sommaire-7\/2022\/%20#article\",\"isPartOf\":{\"@id\":\"https:\/\/www.revue-exposition.com\/index.php\/sommaire-7\/2022\/%20\"},\"author\":{\"name\":\"exPosition\",\"@id\":\"https:\/\/www.revue-exposition.com\/#\/schema\/person\/8fafe6c191f1653d02ba2e39934a0ad5\"},\"headline\":\"7\/2022 &#8211; L&rsquo;exposition de collections priv\u00e9es dans les institutions publiques\",\"datePublished\":\"2022-12-08T09:17:32+00:00\",\"dateModified\":\"2022-12-12T13:42:29+00:00\",\"mainEntityOfPage\":{\"@id\":\"https:\/\/www.revue-exposition.com\/index.php\/sommaire-7\/2022\/%20\"},\"wordCount\":120,\"commentCount\":0,\"publisher\":{\"@id\":\"https:\/\/www.revue-exposition.com\/#organization\"},\"keywords\":[\"collections\",\"collections priv\u00e9es\",\"expositions\",\"institutions publiques\",\"mus\u00e9es\",\"priv\u00e9\",\"public\",\"revue-exposition\"],\"articleSection\":[\"Sommaire 7\/2022\"],\"inLanguage\":\"fr-FR\",\"potentialAction\":[{\"@type\":\"CommentAction\",\"name\":\"Comment\",\"target\":[\"https:\/\/www.revue-exposition.com\/index.php\/sommaire-7\/2022\/%20#respond\"]}]},{\"@type\":\"WebPage\",\"@id\":\"https:\/\/www.revue-exposition.com\/index.php\/sommaire-7\/2022\/%20\",\"url\":\"https:\/\/www.revue-exposition.com\/index.php\/sommaire-7\/2022\/%20\",\"name\":\"7\/2022 - L'exposition de collections priv\u00e9es dans les institutions publiques - exPosition\",\"isPartOf\":{\"@id\":\"https:\/\/www.revue-exposition.com\/#website\"},\"datePublished\":\"2022-12-08T09:17:32+00:00\",\"dateModified\":\"2022-12-12T13:42:29+00:00\",\"description\":\"Sommaire du n\u00b0 7 sur l'exposition de collections priv\u00e9es dans les institutions publiques, dirig\u00e9 par Alice Ensabella.\",\"breadcrumb\":{\"@id\":\"https:\/\/www.revue-exposition.com\/index.php\/sommaire-7\/2022\/%20#breadcrumb\"},\"inLanguage\":\"fr-FR\",\"potentialAction\":[{\"@type\":\"ReadAction\",\"target\":[\"https:\/\/www.revue-exposition.com\/index.php\/sommaire-7\/2022\/%20\"]}]},{\"@type\":\"BreadcrumbList\",\"@id\":\"https:\/\/www.revue-exposition.com\/index.php\/sommaire-7\/2022\/%20#breadcrumb\",\"itemListElement\":[{\"@type\":\"ListItem\",\"position\":1,\"name\":\"Accueil\",\"item\":\"https:\/\/www.revue-exposition.com\/\"},{\"@type\":\"ListItem\",\"position\":2,\"name\":\"Sommaire 7\/2022\",\"item\":\"https:\/\/www.revue-exposition.com\/index.php\/category\/sommaire-7\"},{\"@type\":\"ListItem\",\"position\":3,\"name\":\"7\/2022 &#8211; L&rsquo;exposition de collections priv\u00e9es dans les institutions publiques\"}]},{\"@type\":\"WebSite\",\"@id\":\"https:\/\/www.revue-exposition.com\/#website\",\"url\":\"https:\/\/www.revue-exposition.com\/\",\"name\":\"exPosition\",\"description\":\"Revue d&#039;analyse des enjeux propres \u00e0 l&#039;exposition des \u0153uvres et objets d&#039;art\",\"publisher\":{\"@id\":\"https:\/\/www.revue-exposition.com\/#organization\"},\"potentialAction\":[{\"@type\":\"SearchAction\",\"target\":{\"@type\":\"EntryPoint\",\"urlTemplate\":\"https:\/\/www.revue-exposition.com\/?s={search_term_string}\"},\"query-input\":{\"@type\":\"PropertyValueSpecification\",\"valueRequired\":true,\"valueName\":\"search_term_string\"}}],\"inLanguage\":\"fr-FR\"},{\"@type\":\"Organization\",\"@id\":\"https:\/\/www.revue-exposition.com\/#organization\",\"name\":\"exPosition\",\"url\":\"https:\/\/www.revue-exposition.com\/\",\"logo\":{\"@type\":\"ImageObject\",\"inLanguage\":\"fr-FR\",\"@id\":\"https:\/\/www.revue-exposition.com\/#\/schema\/logo\/image\/\",\"url\":\"https:\/\/i2.wp.com\/www.revue-exposition.com\/wp-content\/uploads\/2016\/06\/cropped-logo-rond-noir.jpg?fit=512%2C512\",\"contentUrl\":\"https:\/\/i2.wp.com\/www.revue-exposition.com\/wp-content\/uploads\/2016\/06\/cropped-logo-rond-noir.jpg?fit=512%2C512\",\"width\":512,\"height\":512,\"caption\":\"exPosition\"},\"image\":{\"@id\":\"https:\/\/www.revue-exposition.com\/#\/schema\/logo\/image\/\"}},{\"@type\":\"Person\",\"@id\":\"https:\/\/www.revue-exposition.com\/#\/schema\/person\/8fafe6c191f1653d02ba2e39934a0ad5\",\"name\":\"exPosition\",\"url\":\"https:\/\/www.revue-exposition.com\/index.php\/author\/helcar\"}]}<\/script>\n<!-- \/ Yoast SEO plugin. -->","yoast_head_json":{"title":"7\/2022 - L'exposition de collections priv\u00e9es dans les institutions publiques - exPosition","description":"Sommaire du n\u00b0 7 sur l'exposition de collections priv\u00e9es dans les institutions publiques, dirig\u00e9 par Alice Ensabella.","robots":{"index":"index","follow":"follow","max-snippet":"max-snippet:-1","max-image-preview":"max-image-preview:large","max-video-preview":"max-video-preview:-1"},"canonical":"https:\/\/www.revue-exposition.com\/index.php\/sommaire-7\/2022\/ ","og_locale":"fr_FR","og_type":"article","og_title":"7\/2022 - L'exposition de collections priv\u00e9es dans les institutions publiques - exPosition","og_description":"Sommaire du n\u00b0 7 sur l'exposition de collections priv\u00e9es dans les institutions publiques, dirig\u00e9 par Alice Ensabella.","og_url":"https:\/\/www.revue-exposition.com\/index.php\/sommaire-7\/2022\/ ","og_site_name":"exPosition","article_published_time":"2022-12-08T09:17:32+00:00","article_modified_time":"2022-12-12T13:42:29+00:00","og_image":[{"width":1000,"height":1000,"url":"https:\/\/www.revue-exposition.com\/wp-content\/uploads\/2016\/06\/logo-rond-noir.jpg","type":"image\/jpeg"}],"author":"exPosition","twitter_card":"summary_large_image","twitter_image":"https:\/\/i0.wp.com\/www.revue-exposition.com\/wp-content\/uploads\/2016\/06\/logo-rond-noir.jpg?fit=1000%2C1000&ssl=1","twitter_misc":{"\u00c9crit par":"exPosition","Dur\u00e9e de lecture estim\u00e9e":"1 minute"},"schema":{"@context":"https:\/\/schema.org","@graph":[{"@type":"Article","@id":"https:\/\/www.revue-exposition.com\/index.php\/sommaire-7\/2022\/%20#article","isPartOf":{"@id":"https:\/\/www.revue-exposition.com\/index.php\/sommaire-7\/2022\/%20"},"author":{"name":"exPosition","@id":"https:\/\/www.revue-exposition.com\/#\/schema\/person\/8fafe6c191f1653d02ba2e39934a0ad5"},"headline":"7\/2022 &#8211; L&rsquo;exposition de collections priv\u00e9es dans les institutions publiques","datePublished":"2022-12-08T09:17:32+00:00","dateModified":"2022-12-12T13:42:29+00:00","mainEntityOfPage":{"@id":"https:\/\/www.revue-exposition.com\/index.php\/sommaire-7\/2022\/%20"},"wordCount":120,"commentCount":0,"publisher":{"@id":"https:\/\/www.revue-exposition.com\/#organization"},"keywords":["collections","collections priv\u00e9es","expositions","institutions publiques","mus\u00e9es","priv\u00e9","public","revue-exposition"],"articleSection":["Sommaire 7\/2022"],"inLanguage":"fr-FR","potentialAction":[{"@type":"CommentAction","name":"Comment","target":["https:\/\/www.revue-exposition.com\/index.php\/sommaire-7\/2022\/%20#respond"]}]},{"@type":"WebPage","@id":"https:\/\/www.revue-exposition.com\/index.php\/sommaire-7\/2022\/%20","url":"https:\/\/www.revue-exposition.com\/index.php\/sommaire-7\/2022\/%20","name":"7\/2022 - L'exposition de collections priv\u00e9es dans les institutions publiques - exPosition","isPartOf":{"@id":"https:\/\/www.revue-exposition.com\/#website"},"datePublished":"2022-12-08T09:17:32+00:00","dateModified":"2022-12-12T13:42:29+00:00","description":"Sommaire du n\u00b0 7 sur l'exposition de collections priv\u00e9es dans les institutions publiques, dirig\u00e9 par Alice Ensabella.","breadcrumb":{"@id":"https:\/\/www.revue-exposition.com\/index.php\/sommaire-7\/2022\/%20#breadcrumb"},"inLanguage":"fr-FR","potentialAction":[{"@type":"ReadAction","target":["https:\/\/www.revue-exposition.com\/index.php\/sommaire-7\/2022\/%20"]}]},{"@type":"BreadcrumbList","@id":"https:\/\/www.revue-exposition.com\/index.php\/sommaire-7\/2022\/%20#breadcrumb","itemListElement":[{"@type":"ListItem","position":1,"name":"Accueil","item":"https:\/\/www.revue-exposition.com\/"},{"@type":"ListItem","position":2,"name":"Sommaire 7\/2022","item":"https:\/\/www.revue-exposition.com\/index.php\/category\/sommaire-7"},{"@type":"ListItem","position":3,"name":"7\/2022 &#8211; L&rsquo;exposition de collections priv\u00e9es dans les institutions publiques"}]},{"@type":"WebSite","@id":"https:\/\/www.revue-exposition.com\/#website","url":"https:\/\/www.revue-exposition.com\/","name":"exPosition","description":"Revue d&#039;analyse des enjeux propres \u00e0 l&#039;exposition des \u0153uvres et objets d&#039;art","publisher":{"@id":"https:\/\/www.revue-exposition.com\/#organization"},"potentialAction":[{"@type":"SearchAction","target":{"@type":"EntryPoint","urlTemplate":"https:\/\/www.revue-exposition.com\/?s={search_term_string}"},"query-input":{"@type":"PropertyValueSpecification","valueRequired":true,"valueName":"search_term_string"}}],"inLanguage":"fr-FR"},{"@type":"Organization","@id":"https:\/\/www.revue-exposition.com\/#organization","name":"exPosition","url":"https:\/\/www.revue-exposition.com\/","logo":{"@type":"ImageObject","inLanguage":"fr-FR","@id":"https:\/\/www.revue-exposition.com\/#\/schema\/logo\/image\/","url":"https:\/\/i2.wp.com\/www.revue-exposition.com\/wp-content\/uploads\/2016\/06\/cropped-logo-rond-noir.jpg?fit=512%2C512","contentUrl":"https:\/\/i2.wp.com\/www.revue-exposition.com\/wp-content\/uploads\/2016\/06\/cropped-logo-rond-noir.jpg?fit=512%2C512","width":512,"height":512,"caption":"exPosition"},"image":{"@id":"https:\/\/www.revue-exposition.com\/#\/schema\/logo\/image\/"}},{"@type":"Person","@id":"https:\/\/www.revue-exposition.com\/#\/schema\/person\/8fafe6c191f1653d02ba2e39934a0ad5","name":"exPosition","url":"https:\/\/www.revue-exposition.com\/index.php\/author\/helcar"}]}},"jetpack_publicize_connections":[],"jetpack_featured_media_url":"","jetpack_sharing_enabled":true,"jetpack_shortlink":"https:\/\/wp.me\/s7FaMB-2022","_links":{"self":[{"href":"https:\/\/www.revue-exposition.com\/index.php\/wp-json\/wp\/v2\/posts\/2482","targetHints":{"allow":["GET"]}}],"collection":[{"href":"https:\/\/www.revue-exposition.com\/index.php\/wp-json\/wp\/v2\/posts"}],"about":[{"href":"https:\/\/www.revue-exposition.com\/index.php\/wp-json\/wp\/v2\/types\/post"}],"author":[{"embeddable":true,"href":"https:\/\/www.revue-exposition.com\/index.php\/wp-json\/wp\/v2\/users\/1"}],"replies":[{"embeddable":true,"href":"https:\/\/www.revue-exposition.com\/index.php\/wp-json\/wp\/v2\/comments?post=2482"}],"version-history":[{"count":13,"href":"https:\/\/www.revue-exposition.com\/index.php\/wp-json\/wp\/v2\/posts\/2482\/revisions"}],"predecessor-version":[{"id":2509,"href":"https:\/\/www.revue-exposition.com\/index.php\/wp-json\/wp\/v2\/posts\/2482\/revisions\/2509"}],"wp:attachment":[{"href":"https:\/\/www.revue-exposition.com\/index.php\/wp-json\/wp\/v2\/media?parent=2482"}],"wp:term":[{"taxonomy":"category","embeddable":true,"href":"https:\/\/www.revue-exposition.com\/index.php\/wp-json\/wp\/v2\/categories?post=2482"},{"taxonomy":"post_tag","embeddable":true,"href":"https:\/\/www.revue-exposition.com\/index.php\/wp-json\/wp\/v2\/tags?post=2482"}],"curies":[{"name":"wp","href":"https:\/\/api.w.org\/{rel}","templated":true}]}}