{"id":2572,"date":"2023-11-13T13:50:05","date_gmt":"2023-11-13T12:50:05","guid":{"rendered":"https:\/\/www.revue-exposition.com\/?p=2572"},"modified":"2024-12-09T22:10:06","modified_gmt":"2024-12-09T21:10:06","slug":"2023","status":"publish","type":"post","link":"https:\/\/www.revue-exposition.com\/index.php\/sommaire-8\/2023\/%20","title":{"rendered":"8\/2023 &#8211; Varia"},"content":{"rendered":"<p>Num\u00e9ro dirig\u00e9 par H\u00e9l\u00e8ne Trespeuch<\/p>\n<p>&nbsp;<\/p>\n<p>&#8211; Op\u00eaoluwa Blandine Agbaka, <a href=\"https:\/\/www.revue-exposition.com\/index.php\/articles8\/agbaka-restitution-reappropriation-art-benin\/%20\">De la restitution \u00e0 la r\u00e9appropriation\u00a0: <em>Art du B\u00e9nin d\u2019hier et d\u2019aujourd\u2019hui<\/em> (Cotonou, 2022), une exposition in\u00e9dite dans l\u2019univers mus\u00e9al b\u00e9ninois<\/a><\/p>\n<p>&#8211; Camille B\u00e9guin, <a href=\"https:\/\/www.revue-exposition.com\/index.php\/articles8\/beguin-media-exposition-chercheur-sciences-sociales\/%20\">Le m\u00e9dia exposition et le chercheur en sciences sociales\u00a0: pourquoi \u00e9crire la recherche en trois dimensions\u00a0?<\/a><\/p>\n<p>&#8211; Christine Godfroy-Gallardo, <a href=\"https:\/\/www.revue-exposition.com\/index.php\/articles8\/godfroy-gallardo-expositions-plein-air-avant-1737\/%20\">Les expositions de tableaux en plein air avant le Salon de 1737<\/a><\/p>\n<p>&#8211; William Terrier, <a href=\"https:\/\/www.revue-exposition.com\/index.php\/articles8\/terrier-clivage-exposition-architectural-league-1940\">Au cr\u00e9puscule d\u2019un clivage. R\u00e9flexions autour d\u2019une exposition de l\u2019Architectural League of New York (1940)<\/a><\/p>\n<p>&nbsp;<\/p>\n<p>&nbsp;<\/p>\n","protected":false},"excerpt":{"rendered":"<p>Num\u00e9ro dirig\u00e9 par H\u00e9l\u00e8ne Trespeuch &nbsp; &#8211; Op\u00eaoluwa Blandine Agbaka, De la restitution \u00e0 la r\u00e9appropriation\u00a0: Art du B\u00e9nin d\u2019hier et d\u2019aujourd\u2019hui (Cotonou, 2022), une exposition in\u00e9dite dans l\u2019univers mus\u00e9al b\u00e9ninois &#8211; Camille B\u00e9guin, Le m\u00e9dia exposition et le chercheur en sciences sociales\u00a0: pourquoi \u00e9crire la recherche en trois dimensions\u00a0? &#8211; Christine Godfroy-Gallardo, Les expositions &hellip; <a href=\"https:\/\/www.revue-exposition.com\/index.php\/sommaire-8\/2023\/%20\" class=\"more-link\">Continuer la lecture<span class=\"screen-reader-text\"> de &laquo;&nbsp;8\/2023 &#8211; Varia&nbsp;&raquo;<\/span><\/a><\/p>\n","protected":false},"author":1,"featured_media":0,"comment_status":"open","ping_status":"open","sticky":false,"template":"","format":"standard","meta":{"jetpack_post_was_ever_published":false,"_jetpack_newsletter_access":"","_jetpack_dont_email_post_to_subs":false,"_jetpack_newsletter_tier_id":0,"_jetpack_memberships_contains_paywalled_content":false,"_jetpack_memberships_contains_paid_content":false,"footnotes":"","jetpack_publicize_message":"","jetpack_publicize_feature_enabled":true,"jetpack_social_post_already_shared":true,"jetpack_social_options":{"image_generator_settings":{"template":"highway","default_image_id":0,"font":"","enabled":false},"version":2}},"categories":[367],"tags":[33,77,211,368],"class_list":["post-2572","post","type-post","status-publish","format-standard","hentry","category-sommaire-8","tag-exposition","tag-revue-exposition","tag-sommaire","tag-varia"],"yoast_head":"<!-- This site is optimized with the Yoast SEO plugin v27.0 - https:\/\/yoast.com\/product\/yoast-seo-wordpress\/ -->\n<title>8\/2023 - Varia - exPosition<\/title>\n<meta name=\"description\" content=\"Sommaire du n\u00b0 8 de la revue exPosition compos\u00e9 de Varia et dirig\u00e9 par H\u00e9l\u00e8ne Trespeuch\" \/>\n<meta name=\"robots\" content=\"index, follow, max-snippet:-1, max-image-preview:large, max-video-preview:-1\" \/>\n<link rel=\"canonical\" href=\"https:\/\/www.revue-exposition.com\/index.php\/sommaire-8\/2023\/%20\" \/>\n<meta property=\"og:locale\" content=\"fr_FR\" \/>\n<meta property=\"og:type\" content=\"article\" \/>\n<meta property=\"og:title\" content=\"8\/2023 - Varia - exPosition\" \/>\n<meta property=\"og:description\" content=\"Sommaire du n\u00b0 8 de la revue exPosition compos\u00e9 de Varia et dirig\u00e9 par H\u00e9l\u00e8ne Trespeuch\" \/>\n<meta property=\"og:url\" content=\"https:\/\/www.revue-exposition.com\/index.php\/sommaire-8\/2023\/ \" \/>\n<meta property=\"og:site_name\" content=\"exPosition\" \/>\n<meta property=\"article:published_time\" content=\"2023-11-13T12:50:05+00:00\" \/>\n<meta property=\"article:modified_time\" content=\"2024-12-09T21:10:06+00:00\" \/>\n<meta name=\"author\" content=\"exPosition\" \/>\n<meta name=\"twitter:card\" content=\"summary_large_image\" \/>\n<meta name=\"twitter:label1\" content=\"\u00c9crit par\" \/>\n\t<meta name=\"twitter:data1\" content=\"exPosition\" \/>\n\t<meta name=\"twitter:label2\" content=\"Dur\u00e9e de lecture estim\u00e9e\" \/>\n\t<meta name=\"twitter:data2\" content=\"1 minute\" \/>\n<script type=\"application\/ld+json\" class=\"yoast-schema-graph\">{\"@context\":\"https:\/\/schema.org\",\"@graph\":[{\"@type\":\"Article\",\"@id\":\"https:\/\/www.revue-exposition.com\/index.php\/sommaire-8\/2023\/%20#article\",\"isPartOf\":{\"@id\":\"https:\/\/www.revue-exposition.com\/index.php\/sommaire-8\/2023\/%20\"},\"author\":{\"name\":\"exPosition\",\"@id\":\"https:\/\/www.revue-exposition.com\/#\/schema\/person\/8fafe6c191f1653d02ba2e39934a0ad5\"},\"headline\":\"8\/2023 &#8211; Varia\",\"datePublished\":\"2023-11-13T12:50:05+00:00\",\"dateModified\":\"2024-12-09T21:10:06+00:00\",\"mainEntityOfPage\":{\"@id\":\"https:\/\/www.revue-exposition.com\/index.php\/sommaire-8\/2023\/%20\"},\"wordCount\":103,\"commentCount\":0,\"publisher\":{\"@id\":\"https:\/\/www.revue-exposition.com\/#organization\"},\"keywords\":[\"exposition\",\"revue-exposition\",\"sommaire\",\"varia\"],\"articleSection\":[\"Sommaire 8\/2023\"],\"inLanguage\":\"fr-FR\",\"potentialAction\":[{\"@type\":\"CommentAction\",\"name\":\"Comment\",\"target\":[\"https:\/\/www.revue-exposition.com\/index.php\/sommaire-8\/2023\/%20#respond\"]}]},{\"@type\":\"WebPage\",\"@id\":\"https:\/\/www.revue-exposition.com\/index.php\/sommaire-8\/2023\/%20\",\"url\":\"https:\/\/www.revue-exposition.com\/index.php\/sommaire-8\/2023\/%20\",\"name\":\"8\/2023 - Varia - exPosition\",\"isPartOf\":{\"@id\":\"https:\/\/www.revue-exposition.com\/#website\"},\"datePublished\":\"2023-11-13T12:50:05+00:00\",\"dateModified\":\"2024-12-09T21:10:06+00:00\",\"description\":\"Sommaire du n\u00b0 8 de la revue exPosition compos\u00e9 de Varia et dirig\u00e9 par H\u00e9l\u00e8ne Trespeuch\",\"breadcrumb\":{\"@id\":\"https:\/\/www.revue-exposition.com\/index.php\/sommaire-8\/2023\/%20#breadcrumb\"},\"inLanguage\":\"fr-FR\",\"potentialAction\":[{\"@type\":\"ReadAction\",\"target\":[\"https:\/\/www.revue-exposition.com\/index.php\/sommaire-8\/2023\/%20\"]}]},{\"@type\":\"BreadcrumbList\",\"@id\":\"https:\/\/www.revue-exposition.com\/index.php\/sommaire-8\/2023\/%20#breadcrumb\",\"itemListElement\":[{\"@type\":\"ListItem\",\"position\":1,\"name\":\"Accueil\",\"item\":\"https:\/\/www.revue-exposition.com\/\"},{\"@type\":\"ListItem\",\"position\":2,\"name\":\"Sommaire 8\/2023\",\"item\":\"https:\/\/www.revue-exposition.com\/index.php\/category\/sommaire-8\"},{\"@type\":\"ListItem\",\"position\":3,\"name\":\"8\/2023 &#8211; Varia\"}]},{\"@type\":\"WebSite\",\"@id\":\"https:\/\/www.revue-exposition.com\/#website\",\"url\":\"https:\/\/www.revue-exposition.com\/\",\"name\":\"exPosition\",\"description\":\"Revue d&#039;analyse des enjeux propres \u00e0 l&#039;exposition des \u0153uvres et objets d&#039;art\",\"publisher\":{\"@id\":\"https:\/\/www.revue-exposition.com\/#organization\"},\"potentialAction\":[{\"@type\":\"SearchAction\",\"target\":{\"@type\":\"EntryPoint\",\"urlTemplate\":\"https:\/\/www.revue-exposition.com\/?s={search_term_string}\"},\"query-input\":{\"@type\":\"PropertyValueSpecification\",\"valueRequired\":true,\"valueName\":\"search_term_string\"}}],\"inLanguage\":\"fr-FR\"},{\"@type\":\"Organization\",\"@id\":\"https:\/\/www.revue-exposition.com\/#organization\",\"name\":\"exPosition\",\"url\":\"https:\/\/www.revue-exposition.com\/\",\"logo\":{\"@type\":\"ImageObject\",\"inLanguage\":\"fr-FR\",\"@id\":\"https:\/\/www.revue-exposition.com\/#\/schema\/logo\/image\/\",\"url\":\"https:\/\/i2.wp.com\/www.revue-exposition.com\/wp-content\/uploads\/2016\/06\/cropped-logo-rond-noir.jpg?fit=512%2C512\",\"contentUrl\":\"https:\/\/i2.wp.com\/www.revue-exposition.com\/wp-content\/uploads\/2016\/06\/cropped-logo-rond-noir.jpg?fit=512%2C512\",\"width\":512,\"height\":512,\"caption\":\"exPosition\"},\"image\":{\"@id\":\"https:\/\/www.revue-exposition.com\/#\/schema\/logo\/image\/\"}},{\"@type\":\"Person\",\"@id\":\"https:\/\/www.revue-exposition.com\/#\/schema\/person\/8fafe6c191f1653d02ba2e39934a0ad5\",\"name\":\"exPosition\",\"url\":\"https:\/\/www.revue-exposition.com\/index.php\/author\/helcar\"}]}<\/script>\n<!-- \/ Yoast SEO plugin. -->","yoast_head_json":{"title":"8\/2023 - Varia - exPosition","description":"Sommaire du n\u00b0 8 de la revue exPosition compos\u00e9 de Varia et dirig\u00e9 par H\u00e9l\u00e8ne Trespeuch","robots":{"index":"index","follow":"follow","max-snippet":"max-snippet:-1","max-image-preview":"max-image-preview:large","max-video-preview":"max-video-preview:-1"},"canonical":"https:\/\/www.revue-exposition.com\/index.php\/sommaire-8\/2023\/ ","og_locale":"fr_FR","og_type":"article","og_title":"8\/2023 - Varia - exPosition","og_description":"Sommaire du n\u00b0 8 de la revue exPosition compos\u00e9 de Varia et dirig\u00e9 par H\u00e9l\u00e8ne Trespeuch","og_url":"https:\/\/www.revue-exposition.com\/index.php\/sommaire-8\/2023\/ ","og_site_name":"exPosition","article_published_time":"2023-11-13T12:50:05+00:00","article_modified_time":"2024-12-09T21:10:06+00:00","author":"exPosition","twitter_card":"summary_large_image","twitter_misc":{"\u00c9crit par":"exPosition","Dur\u00e9e de lecture estim\u00e9e":"1 minute"},"schema":{"@context":"https:\/\/schema.org","@graph":[{"@type":"Article","@id":"https:\/\/www.revue-exposition.com\/index.php\/sommaire-8\/2023\/%20#article","isPartOf":{"@id":"https:\/\/www.revue-exposition.com\/index.php\/sommaire-8\/2023\/%20"},"author":{"name":"exPosition","@id":"https:\/\/www.revue-exposition.com\/#\/schema\/person\/8fafe6c191f1653d02ba2e39934a0ad5"},"headline":"8\/2023 &#8211; Varia","datePublished":"2023-11-13T12:50:05+00:00","dateModified":"2024-12-09T21:10:06+00:00","mainEntityOfPage":{"@id":"https:\/\/www.revue-exposition.com\/index.php\/sommaire-8\/2023\/%20"},"wordCount":103,"commentCount":0,"publisher":{"@id":"https:\/\/www.revue-exposition.com\/#organization"},"keywords":["exposition","revue-exposition","sommaire","varia"],"articleSection":["Sommaire 8\/2023"],"inLanguage":"fr-FR","potentialAction":[{"@type":"CommentAction","name":"Comment","target":["https:\/\/www.revue-exposition.com\/index.php\/sommaire-8\/2023\/%20#respond"]}]},{"@type":"WebPage","@id":"https:\/\/www.revue-exposition.com\/index.php\/sommaire-8\/2023\/%20","url":"https:\/\/www.revue-exposition.com\/index.php\/sommaire-8\/2023\/%20","name":"8\/2023 - Varia - exPosition","isPartOf":{"@id":"https:\/\/www.revue-exposition.com\/#website"},"datePublished":"2023-11-13T12:50:05+00:00","dateModified":"2024-12-09T21:10:06+00:00","description":"Sommaire du n\u00b0 8 de la revue exPosition compos\u00e9 de Varia et dirig\u00e9 par H\u00e9l\u00e8ne Trespeuch","breadcrumb":{"@id":"https:\/\/www.revue-exposition.com\/index.php\/sommaire-8\/2023\/%20#breadcrumb"},"inLanguage":"fr-FR","potentialAction":[{"@type":"ReadAction","target":["https:\/\/www.revue-exposition.com\/index.php\/sommaire-8\/2023\/%20"]}]},{"@type":"BreadcrumbList","@id":"https:\/\/www.revue-exposition.com\/index.php\/sommaire-8\/2023\/%20#breadcrumb","itemListElement":[{"@type":"ListItem","position":1,"name":"Accueil","item":"https:\/\/www.revue-exposition.com\/"},{"@type":"ListItem","position":2,"name":"Sommaire 8\/2023","item":"https:\/\/www.revue-exposition.com\/index.php\/category\/sommaire-8"},{"@type":"ListItem","position":3,"name":"8\/2023 &#8211; Varia"}]},{"@type":"WebSite","@id":"https:\/\/www.revue-exposition.com\/#website","url":"https:\/\/www.revue-exposition.com\/","name":"exPosition","description":"Revue d&#039;analyse des enjeux propres \u00e0 l&#039;exposition des \u0153uvres et objets d&#039;art","publisher":{"@id":"https:\/\/www.revue-exposition.com\/#organization"},"potentialAction":[{"@type":"SearchAction","target":{"@type":"EntryPoint","urlTemplate":"https:\/\/www.revue-exposition.com\/?s={search_term_string}"},"query-input":{"@type":"PropertyValueSpecification","valueRequired":true,"valueName":"search_term_string"}}],"inLanguage":"fr-FR"},{"@type":"Organization","@id":"https:\/\/www.revue-exposition.com\/#organization","name":"exPosition","url":"https:\/\/www.revue-exposition.com\/","logo":{"@type":"ImageObject","inLanguage":"fr-FR","@id":"https:\/\/www.revue-exposition.com\/#\/schema\/logo\/image\/","url":"https:\/\/i2.wp.com\/www.revue-exposition.com\/wp-content\/uploads\/2016\/06\/cropped-logo-rond-noir.jpg?fit=512%2C512","contentUrl":"https:\/\/i2.wp.com\/www.revue-exposition.com\/wp-content\/uploads\/2016\/06\/cropped-logo-rond-noir.jpg?fit=512%2C512","width":512,"height":512,"caption":"exPosition"},"image":{"@id":"https:\/\/www.revue-exposition.com\/#\/schema\/logo\/image\/"}},{"@type":"Person","@id":"https:\/\/www.revue-exposition.com\/#\/schema\/person\/8fafe6c191f1653d02ba2e39934a0ad5","name":"exPosition","url":"https:\/\/www.revue-exposition.com\/index.php\/author\/helcar"}]}},"jetpack_publicize_connections":[],"jetpack_featured_media_url":"","jetpack_sharing_enabled":true,"jetpack_shortlink":"https:\/\/wp.me\/s7FaMB-2023","_links":{"self":[{"href":"https:\/\/www.revue-exposition.com\/index.php\/wp-json\/wp\/v2\/posts\/2572","targetHints":{"allow":["GET"]}}],"collection":[{"href":"https:\/\/www.revue-exposition.com\/index.php\/wp-json\/wp\/v2\/posts"}],"about":[{"href":"https:\/\/www.revue-exposition.com\/index.php\/wp-json\/wp\/v2\/types\/post"}],"author":[{"embeddable":true,"href":"https:\/\/www.revue-exposition.com\/index.php\/wp-json\/wp\/v2\/users\/1"}],"replies":[{"embeddable":true,"href":"https:\/\/www.revue-exposition.com\/index.php\/wp-json\/wp\/v2\/comments?post=2572"}],"version-history":[{"count":13,"href":"https:\/\/www.revue-exposition.com\/index.php\/wp-json\/wp\/v2\/posts\/2572\/revisions"}],"predecessor-version":[{"id":2905,"href":"https:\/\/www.revue-exposition.com\/index.php\/wp-json\/wp\/v2\/posts\/2572\/revisions\/2905"}],"wp:attachment":[{"href":"https:\/\/www.revue-exposition.com\/index.php\/wp-json\/wp\/v2\/media?parent=2572"}],"wp:term":[{"taxonomy":"category","embeddable":true,"href":"https:\/\/www.revue-exposition.com\/index.php\/wp-json\/wp\/v2\/categories?post=2572"},{"taxonomy":"post_tag","embeddable":true,"href":"https:\/\/www.revue-exposition.com\/index.php\/wp-json\/wp\/v2\/tags?post=2572"}],"curies":[{"name":"wp","href":"https:\/\/api.w.org\/{rel}","templated":true}]}}