{"id":2887,"date":"2024-12-09T20:14:35","date_gmt":"2024-12-09T19:14:35","guid":{"rendered":"https:\/\/www.revue-exposition.com\/?p=2887"},"modified":"2024-12-19T08:52:45","modified_gmt":"2024-12-19T07:52:45","slug":"2024","status":"publish","type":"post","link":"https:\/\/www.revue-exposition.com\/index.php\/sommaire-9\/2024\/%20","title":{"rendered":"9\/2024 &#8211; L&rsquo;\u00e9co-responsabilit\u00e9 dans les pratiques d&rsquo;exposition &#8211; Varia"},"content":{"rendered":"<p>&nbsp;<\/p>\n<p style=\"text-align: justify;\"><strong>L&rsquo;\u00e9co-responsabilit\u00e9 dans les pratiques d&rsquo;exposition (dossier dirig\u00e9 par Pierre-Vincent Fortunier et Sophie Montel)<\/strong><\/p>\n<p>&#8211; Pierre-Vincent Fortunier et Sophie Montel, <a href=\"https:\/\/www.revue-exposition.com\/index.php\/articles9\/fortunier-montel-introduction\">Introduction<\/a><\/p>\n<p style=\"text-align: justify;\">&#8211; C\u00e9line Schall, <a href=\"https:\/\/www.revue-exposition.com\/index.php\/articles9\/schall-ecoresponsabilite-expositions\">L\u2019\u00e9coresponsabilit\u00e9 des expositions : au-del\u00e0 des mesures techniques, une r\u00e9volution axiologique<\/a><\/p>\n<p style=\"text-align: justify;\">&#8211; Ana\u00efs Raynaud et Marjolaine Schuch, <a href=\"https:\/\/www.revue-exposition.com\/index.php\/articles9\/raynaud-schuch-empreinte-carbone\">Quitter la neutralit\u00e9 pour mieux l\u2019atteindre ? L\u2019exemple de l\u2019exposition <em>Empreinte carbone, l\u2019expo !<\/em> au mus\u00e9e des Arts et M\u00e9tiers (Paris, 2024-2025)<\/a><\/p>\n<p style=\"text-align: justify;\">&#8211; Tony Fouyer, <span data-sheets-formula-bar-text-style=\"font-size:16px;color:#000000;font-weight:normal;text-decoration:none;font-family:'Arial';font-style:normal;text-decoration-skip-ink:none;\"><a href=\"https:\/\/www.revue-exposition.com\/index.php\/articles9\/fouyer-exposition-en-reseau\">L&rsquo;exposition en r\u00e9seau. Une solution \u00e9co-responsable \u00e0 d\u00e9velopper ?<\/a> <\/span><\/p>\n<p style=\"text-align: justify;\">&#8211; M\u00e9lanie Esteves et Christelle Faure, <a href=\"https:\/\/www.revue-exposition.com\/index.php\/articles9\/esteves-faure-ecoconcevoir-palais-beaux-arts-lille\">\u00c9coconcevoir au palais des Beaux-Arts de Lille\u00a0: de l\u2019exp\u00e9rimentation \u00e0 la structuration d\u2019une d\u00e9marche op\u00e9rationnelle<\/a><\/p>\n<p style=\"text-align: justify;\">&#8211; Tony Fouyer et Isabelle Lain\u00e9, <a href=\"https:\/\/www.revue-exposition.com\/index.php\/articles9\/fouyer-laine-reemployer-materiaux-mobilier-scenographique\">R\u00e9employer les mat\u00e9riaux et le mobilier sc\u00e9nographique. Du mus\u00e9e du quai Branly \u2013 Jacques Chirac au mus\u00e9e municipal de Bourbonne-les-Bains<\/a><\/p>\n<p style=\"text-align: justify;\">&#8211; Benjamin Arnault, <a href=\"https:\/\/www.revue-exposition.com\/index.php\/articles9\/arnault-notes-apports-ecologiques-oeuvres-allographiques\">Notes sur les apports \u00e9cologiques d\u2019\u0153uvres allographiques<\/a><\/p>\n<p>&nbsp;<\/p>\n<p><strong>Varia<\/strong><\/p>\n<p style=\"text-align: justify;\">&#8211; Yoshiko Suto et Fr\u00e9d\u00e9ric Weigel, <a href=\"https:\/\/www.revue-exposition.com\/index.php\/articles9\/suto-weigel-palais-paris-japon\">L\u2019histoire mouvement\u00e9e du <em>Palais des paris<\/em> (Gunma, Japon)<\/a>. Un entretien men\u00e9 par Caroline Tron-Carroz<\/p>\n<p>&nbsp;<\/p>\n","protected":false},"excerpt":{"rendered":"<p>&nbsp; L&rsquo;\u00e9co-responsabilit\u00e9 dans les pratiques d&rsquo;exposition (dossier dirig\u00e9 par Pierre-Vincent Fortunier et Sophie Montel) &#8211; Pierre-Vincent Fortunier et Sophie Montel, Introduction &#8211; C\u00e9line Schall, L\u2019\u00e9coresponsabilit\u00e9 des expositions : au-del\u00e0 des mesures techniques, une r\u00e9volution axiologique &#8211; Ana\u00efs Raynaud et Marjolaine Schuch, Quitter la neutralit\u00e9 pour mieux l\u2019atteindre ? L\u2019exemple de l\u2019exposition Empreinte carbone, l\u2019expo ! &hellip; <a href=\"https:\/\/www.revue-exposition.com\/index.php\/sommaire-9\/2024\/%20\" class=\"more-link\">Continuer la lecture<span class=\"screen-reader-text\"> de &laquo;&nbsp;9\/2024 &#8211; L&rsquo;\u00e9co-responsabilit\u00e9 dans les pratiques d&rsquo;exposition &#8211; Varia&nbsp;&raquo;<\/span><\/a><\/p>\n","protected":false},"author":1,"featured_media":0,"comment_status":"open","ping_status":"open","sticky":false,"template":"","format":"standard","meta":{"jetpack_post_was_ever_published":false,"_jetpack_newsletter_access":"","_jetpack_dont_email_post_to_subs":false,"_jetpack_newsletter_tier_id":0,"_jetpack_memberships_contains_paywalled_content":false,"_jetpack_memberships_contains_paid_content":false,"footnotes":"","jetpack_publicize_message":"","jetpack_publicize_feature_enabled":true,"jetpack_social_post_already_shared":true,"jetpack_social_options":{"image_generator_settings":{"template":"highway","default_image_id":0,"font":"","enabled":false},"version":2}},"categories":[401],"tags":[389,402,388,405,33,43,408,410,409,211,406],"class_list":["post-2887","post","type-post","status-publish","format-standard","hentry","category-sommaire-9","tag-developpement-durable","tag-eco-responsabilite","tag-ecoconception","tag-environnement","tag-exposition","tag-musee","tag-remploi","tag-reseau","tag-reutilisation","tag-sommaire","tag-transition-ecologique"],"yoast_head":"<!-- This site is optimized with the Yoast SEO plugin v27.0 - https:\/\/yoast.com\/product\/yoast-seo-wordpress\/ -->\n<title>9\/2024 - L&#039;\u00e9co-responsabilit\u00e9 dans les pratiques d&#039;exposition - Varia - exPosition<\/title>\n<meta name=\"robots\" content=\"index, follow, max-snippet:-1, max-image-preview:large, max-video-preview:-1\" \/>\n<link rel=\"canonical\" href=\"https:\/\/www.revue-exposition.com\/index.php\/sommaire-9\/2024\/%20\" \/>\n<meta property=\"og:locale\" content=\"fr_FR\" \/>\n<meta property=\"og:type\" content=\"article\" \/>\n<meta property=\"og:title\" content=\"9\/2024 - L&#039;\u00e9co-responsabilit\u00e9 dans les pratiques d&#039;exposition - Varia - exPosition\" \/>\n<meta property=\"og:description\" content=\"&nbsp; L&rsquo;\u00e9co-responsabilit\u00e9 dans les pratiques d&rsquo;exposition (dossier dirig\u00e9 par Pierre-Vincent Fortunier et Sophie Montel) &#8211; Pierre-Vincent Fortunier et Sophie Montel, Introduction &#8211; C\u00e9line Schall, L\u2019\u00e9coresponsabilit\u00e9 des expositions : au-del\u00e0 des mesures techniques, une r\u00e9volution axiologique &#8211; Ana\u00efs Raynaud et Marjolaine Schuch, Quitter la neutralit\u00e9 pour mieux l\u2019atteindre ? L\u2019exemple de l\u2019exposition Empreinte carbone, l\u2019expo ! &hellip; Continuer la lecture de &laquo;&nbsp;9\/2024 &#8211; L&rsquo;\u00e9co-responsabilit\u00e9 dans les pratiques d&rsquo;exposition &#8211; Varia&nbsp;&raquo;\" \/>\n<meta property=\"og:url\" content=\"https:\/\/www.revue-exposition.com\/index.php\/sommaire-9\/2024\/ \" \/>\n<meta property=\"og:site_name\" content=\"exPosition\" \/>\n<meta property=\"article:published_time\" content=\"2024-12-09T19:14:35+00:00\" \/>\n<meta property=\"article:modified_time\" content=\"2024-12-19T07:52:45+00:00\" \/>\n<meta name=\"author\" content=\"exPosition\" \/>\n<meta name=\"twitter:card\" content=\"summary_large_image\" \/>\n<meta name=\"twitter:label1\" content=\"\u00c9crit par\" \/>\n\t<meta name=\"twitter:data1\" content=\"exPosition\" \/>\n\t<meta name=\"twitter:label2\" content=\"Dur\u00e9e de lecture estim\u00e9e\" \/>\n\t<meta name=\"twitter:data2\" content=\"1 minute\" \/>\n<script type=\"application\/ld+json\" class=\"yoast-schema-graph\">{\"@context\":\"https:\/\/schema.org\",\"@graph\":[{\"@type\":\"Article\",\"@id\":\"https:\/\/www.revue-exposition.com\/index.php\/sommaire-9\/2024\/%20#article\",\"isPartOf\":{\"@id\":\"https:\/\/www.revue-exposition.com\/index.php\/sommaire-9\/2024\/%20\"},\"author\":{\"name\":\"exPosition\",\"@id\":\"https:\/\/www.revue-exposition.com\/#\/schema\/person\/8fafe6c191f1653d02ba2e39934a0ad5\"},\"headline\":\"9\/2024 &#8211; L&rsquo;\u00e9co-responsabilit\u00e9 dans les pratiques d&rsquo;exposition &#8211; Varia\",\"datePublished\":\"2024-12-09T19:14:35+00:00\",\"dateModified\":\"2024-12-19T07:52:45+00:00\",\"mainEntityOfPage\":{\"@id\":\"https:\/\/www.revue-exposition.com\/index.php\/sommaire-9\/2024\/%20\"},\"wordCount\":186,\"commentCount\":0,\"publisher\":{\"@id\":\"https:\/\/www.revue-exposition.com\/#organization\"},\"keywords\":[\"d\u00e9veloppement durable\",\"\u00e9co-responsabilit\u00e9\",\"\u00e9coconception\",\"environnement\",\"exposition\",\"mus\u00e9e\",\"remploi\",\"r\u00e9seau\",\"r\u00e9utilisation\",\"sommaire\",\"transition \u00e9cologique\"],\"articleSection\":[\"Sommaire 9\/2024\"],\"inLanguage\":\"fr-FR\",\"potentialAction\":[{\"@type\":\"CommentAction\",\"name\":\"Comment\",\"target\":[\"https:\/\/www.revue-exposition.com\/index.php\/sommaire-9\/2024\/%20#respond\"]}]},{\"@type\":\"WebPage\",\"@id\":\"https:\/\/www.revue-exposition.com\/index.php\/sommaire-9\/2024\/%20\",\"url\":\"https:\/\/www.revue-exposition.com\/index.php\/sommaire-9\/2024\/%20\",\"name\":\"9\/2024 - L'\u00e9co-responsabilit\u00e9 dans les pratiques d'exposition - Varia - exPosition\",\"isPartOf\":{\"@id\":\"https:\/\/www.revue-exposition.com\/#website\"},\"datePublished\":\"2024-12-09T19:14:35+00:00\",\"dateModified\":\"2024-12-19T07:52:45+00:00\",\"breadcrumb\":{\"@id\":\"https:\/\/www.revue-exposition.com\/index.php\/sommaire-9\/2024\/%20#breadcrumb\"},\"inLanguage\":\"fr-FR\",\"potentialAction\":[{\"@type\":\"ReadAction\",\"target\":[\"https:\/\/www.revue-exposition.com\/index.php\/sommaire-9\/2024\/%20\"]}]},{\"@type\":\"BreadcrumbList\",\"@id\":\"https:\/\/www.revue-exposition.com\/index.php\/sommaire-9\/2024\/%20#breadcrumb\",\"itemListElement\":[{\"@type\":\"ListItem\",\"position\":1,\"name\":\"Accueil\",\"item\":\"https:\/\/www.revue-exposition.com\/\"},{\"@type\":\"ListItem\",\"position\":2,\"name\":\"Sommaire 9\/2024\",\"item\":\"https:\/\/www.revue-exposition.com\/index.php\/category\/sommaire-9\"},{\"@type\":\"ListItem\",\"position\":3,\"name\":\"9\/2024 &#8211; L&rsquo;\u00e9co-responsabilit\u00e9 dans les pratiques d&rsquo;exposition &#8211; Varia\"}]},{\"@type\":\"WebSite\",\"@id\":\"https:\/\/www.revue-exposition.com\/#website\",\"url\":\"https:\/\/www.revue-exposition.com\/\",\"name\":\"exPosition\",\"description\":\"Revue d&#039;analyse des enjeux propres \u00e0 l&#039;exposition des \u0153uvres et objets d&#039;art\",\"publisher\":{\"@id\":\"https:\/\/www.revue-exposition.com\/#organization\"},\"potentialAction\":[{\"@type\":\"SearchAction\",\"target\":{\"@type\":\"EntryPoint\",\"urlTemplate\":\"https:\/\/www.revue-exposition.com\/?s={search_term_string}\"},\"query-input\":{\"@type\":\"PropertyValueSpecification\",\"valueRequired\":true,\"valueName\":\"search_term_string\"}}],\"inLanguage\":\"fr-FR\"},{\"@type\":\"Organization\",\"@id\":\"https:\/\/www.revue-exposition.com\/#organization\",\"name\":\"exPosition\",\"url\":\"https:\/\/www.revue-exposition.com\/\",\"logo\":{\"@type\":\"ImageObject\",\"inLanguage\":\"fr-FR\",\"@id\":\"https:\/\/www.revue-exposition.com\/#\/schema\/logo\/image\/\",\"url\":\"https:\/\/i2.wp.com\/www.revue-exposition.com\/wp-content\/uploads\/2016\/06\/cropped-logo-rond-noir.jpg?fit=512%2C512\",\"contentUrl\":\"https:\/\/i2.wp.com\/www.revue-exposition.com\/wp-content\/uploads\/2016\/06\/cropped-logo-rond-noir.jpg?fit=512%2C512\",\"width\":512,\"height\":512,\"caption\":\"exPosition\"},\"image\":{\"@id\":\"https:\/\/www.revue-exposition.com\/#\/schema\/logo\/image\/\"}},{\"@type\":\"Person\",\"@id\":\"https:\/\/www.revue-exposition.com\/#\/schema\/person\/8fafe6c191f1653d02ba2e39934a0ad5\",\"name\":\"exPosition\",\"url\":\"https:\/\/www.revue-exposition.com\/index.php\/author\/helcar\"}]}<\/script>\n<!-- \/ Yoast SEO plugin. -->","yoast_head_json":{"title":"9\/2024 - L'\u00e9co-responsabilit\u00e9 dans les pratiques d'exposition - Varia - exPosition","robots":{"index":"index","follow":"follow","max-snippet":"max-snippet:-1","max-image-preview":"max-image-preview:large","max-video-preview":"max-video-preview:-1"},"canonical":"https:\/\/www.revue-exposition.com\/index.php\/sommaire-9\/2024\/ ","og_locale":"fr_FR","og_type":"article","og_title":"9\/2024 - L'\u00e9co-responsabilit\u00e9 dans les pratiques d'exposition - Varia - exPosition","og_description":"&nbsp; L&rsquo;\u00e9co-responsabilit\u00e9 dans les pratiques d&rsquo;exposition (dossier dirig\u00e9 par Pierre-Vincent Fortunier et Sophie Montel) &#8211; Pierre-Vincent Fortunier et Sophie Montel, Introduction &#8211; C\u00e9line Schall, L\u2019\u00e9coresponsabilit\u00e9 des expositions : au-del\u00e0 des mesures techniques, une r\u00e9volution axiologique &#8211; Ana\u00efs Raynaud et Marjolaine Schuch, Quitter la neutralit\u00e9 pour mieux l\u2019atteindre ? L\u2019exemple de l\u2019exposition Empreinte carbone, l\u2019expo ! &hellip; Continuer la lecture de &laquo;&nbsp;9\/2024 &#8211; L&rsquo;\u00e9co-responsabilit\u00e9 dans les pratiques d&rsquo;exposition &#8211; Varia&nbsp;&raquo;","og_url":"https:\/\/www.revue-exposition.com\/index.php\/sommaire-9\/2024\/ ","og_site_name":"exPosition","article_published_time":"2024-12-09T19:14:35+00:00","article_modified_time":"2024-12-19T07:52:45+00:00","author":"exPosition","twitter_card":"summary_large_image","twitter_misc":{"\u00c9crit par":"exPosition","Dur\u00e9e de lecture estim\u00e9e":"1 minute"},"schema":{"@context":"https:\/\/schema.org","@graph":[{"@type":"Article","@id":"https:\/\/www.revue-exposition.com\/index.php\/sommaire-9\/2024\/%20#article","isPartOf":{"@id":"https:\/\/www.revue-exposition.com\/index.php\/sommaire-9\/2024\/%20"},"author":{"name":"exPosition","@id":"https:\/\/www.revue-exposition.com\/#\/schema\/person\/8fafe6c191f1653d02ba2e39934a0ad5"},"headline":"9\/2024 &#8211; L&rsquo;\u00e9co-responsabilit\u00e9 dans les pratiques d&rsquo;exposition &#8211; Varia","datePublished":"2024-12-09T19:14:35+00:00","dateModified":"2024-12-19T07:52:45+00:00","mainEntityOfPage":{"@id":"https:\/\/www.revue-exposition.com\/index.php\/sommaire-9\/2024\/%20"},"wordCount":186,"commentCount":0,"publisher":{"@id":"https:\/\/www.revue-exposition.com\/#organization"},"keywords":["d\u00e9veloppement durable","\u00e9co-responsabilit\u00e9","\u00e9coconception","environnement","exposition","mus\u00e9e","remploi","r\u00e9seau","r\u00e9utilisation","sommaire","transition \u00e9cologique"],"articleSection":["Sommaire 9\/2024"],"inLanguage":"fr-FR","potentialAction":[{"@type":"CommentAction","name":"Comment","target":["https:\/\/www.revue-exposition.com\/index.php\/sommaire-9\/2024\/%20#respond"]}]},{"@type":"WebPage","@id":"https:\/\/www.revue-exposition.com\/index.php\/sommaire-9\/2024\/%20","url":"https:\/\/www.revue-exposition.com\/index.php\/sommaire-9\/2024\/%20","name":"9\/2024 - L'\u00e9co-responsabilit\u00e9 dans les pratiques d'exposition - Varia - exPosition","isPartOf":{"@id":"https:\/\/www.revue-exposition.com\/#website"},"datePublished":"2024-12-09T19:14:35+00:00","dateModified":"2024-12-19T07:52:45+00:00","breadcrumb":{"@id":"https:\/\/www.revue-exposition.com\/index.php\/sommaire-9\/2024\/%20#breadcrumb"},"inLanguage":"fr-FR","potentialAction":[{"@type":"ReadAction","target":["https:\/\/www.revue-exposition.com\/index.php\/sommaire-9\/2024\/%20"]}]},{"@type":"BreadcrumbList","@id":"https:\/\/www.revue-exposition.com\/index.php\/sommaire-9\/2024\/%20#breadcrumb","itemListElement":[{"@type":"ListItem","position":1,"name":"Accueil","item":"https:\/\/www.revue-exposition.com\/"},{"@type":"ListItem","position":2,"name":"Sommaire 9\/2024","item":"https:\/\/www.revue-exposition.com\/index.php\/category\/sommaire-9"},{"@type":"ListItem","position":3,"name":"9\/2024 &#8211; L&rsquo;\u00e9co-responsabilit\u00e9 dans les pratiques d&rsquo;exposition &#8211; Varia"}]},{"@type":"WebSite","@id":"https:\/\/www.revue-exposition.com\/#website","url":"https:\/\/www.revue-exposition.com\/","name":"exPosition","description":"Revue d&#039;analyse des enjeux propres \u00e0 l&#039;exposition des \u0153uvres et objets d&#039;art","publisher":{"@id":"https:\/\/www.revue-exposition.com\/#organization"},"potentialAction":[{"@type":"SearchAction","target":{"@type":"EntryPoint","urlTemplate":"https:\/\/www.revue-exposition.com\/?s={search_term_string}"},"query-input":{"@type":"PropertyValueSpecification","valueRequired":true,"valueName":"search_term_string"}}],"inLanguage":"fr-FR"},{"@type":"Organization","@id":"https:\/\/www.revue-exposition.com\/#organization","name":"exPosition","url":"https:\/\/www.revue-exposition.com\/","logo":{"@type":"ImageObject","inLanguage":"fr-FR","@id":"https:\/\/www.revue-exposition.com\/#\/schema\/logo\/image\/","url":"https:\/\/i2.wp.com\/www.revue-exposition.com\/wp-content\/uploads\/2016\/06\/cropped-logo-rond-noir.jpg?fit=512%2C512","contentUrl":"https:\/\/i2.wp.com\/www.revue-exposition.com\/wp-content\/uploads\/2016\/06\/cropped-logo-rond-noir.jpg?fit=512%2C512","width":512,"height":512,"caption":"exPosition"},"image":{"@id":"https:\/\/www.revue-exposition.com\/#\/schema\/logo\/image\/"}},{"@type":"Person","@id":"https:\/\/www.revue-exposition.com\/#\/schema\/person\/8fafe6c191f1653d02ba2e39934a0ad5","name":"exPosition","url":"https:\/\/www.revue-exposition.com\/index.php\/author\/helcar"}]}},"jetpack_publicize_connections":[],"jetpack_featured_media_url":"","jetpack_sharing_enabled":true,"jetpack_shortlink":"https:\/\/wp.me\/s7FaMB-2024","_links":{"self":[{"href":"https:\/\/www.revue-exposition.com\/index.php\/wp-json\/wp\/v2\/posts\/2887","targetHints":{"allow":["GET"]}}],"collection":[{"href":"https:\/\/www.revue-exposition.com\/index.php\/wp-json\/wp\/v2\/posts"}],"about":[{"href":"https:\/\/www.revue-exposition.com\/index.php\/wp-json\/wp\/v2\/types\/post"}],"author":[{"embeddable":true,"href":"https:\/\/www.revue-exposition.com\/index.php\/wp-json\/wp\/v2\/users\/1"}],"replies":[{"embeddable":true,"href":"https:\/\/www.revue-exposition.com\/index.php\/wp-json\/wp\/v2\/comments?post=2887"}],"version-history":[{"count":23,"href":"https:\/\/www.revue-exposition.com\/index.php\/wp-json\/wp\/v2\/posts\/2887\/revisions"}],"predecessor-version":[{"id":2985,"href":"https:\/\/www.revue-exposition.com\/index.php\/wp-json\/wp\/v2\/posts\/2887\/revisions\/2985"}],"wp:attachment":[{"href":"https:\/\/www.revue-exposition.com\/index.php\/wp-json\/wp\/v2\/media?parent=2887"}],"wp:term":[{"taxonomy":"category","embeddable":true,"href":"https:\/\/www.revue-exposition.com\/index.php\/wp-json\/wp\/v2\/categories?post=2887"},{"taxonomy":"post_tag","embeddable":true,"href":"https:\/\/www.revue-exposition.com\/index.php\/wp-json\/wp\/v2\/tags?post=2887"}],"curies":[{"name":"wp","href":"https:\/\/api.w.org\/{rel}","templated":true}]}}