{"id":3137,"date":"2025-06-02T13:00:28","date_gmt":"2025-06-02T12:00:28","guid":{"rendered":"https:\/\/www.revue-exposition.com\/?p=3137"},"modified":"2025-06-02T17:22:35","modified_gmt":"2025-06-02T16:22:35","slug":"meijer-plant-collection-2019-2024","status":"publish","type":"post","link":"https:\/\/www.revue-exposition.com\/index.php\/articles10\/meijer-plant-collection-2019-2024\/%20","title":{"rendered":"\u00c0 propos des ouvrages d&rsquo;Inge Meijer <em>The Plant Collection<\/em> (Roma publications, Amsterdam, 2019) et <em>The MoMA Plant Collection<\/em> (Roma publications, Amsterdam, 2024)"},"content":{"rendered":"<h3 style=\"text-align: justify;\">entretien avec Inge Meijer, men\u00e9 par Roula Matar<\/h3>\n<p>&nbsp;<\/p>\n<p style=\"text-align: justify;\">&#8212; <em><strong>Inge Meijer <\/strong>est artiste. Elle a obtenu un BA en arts visuels \u00e0 l&rsquo;Academy of Art &amp; Design (Arnhem, Pays-Bas) en 2012 et a effectu\u00e9 une r\u00e9sidence d&rsquo;artiste de deux ans \u00e0 la Rijksakademie van Beeldende Kunsten (Amsterdam, Pays-Bas) en 2017. Elle a fait partie de l&rsquo;ACC-Rijksakademie (Gwangju, Cor\u00e9e du Sud) en 2019 et a \u00e9t\u00e9 boursi\u00e8re du Netherlands Institute for Advanced Study (Amsterdam) en 2023. Actuellement, elle fait partie de l&rsquo;International Studio &amp; Curatorial Program (New York, \u00c9tats-Unis) jusqu&rsquo;au d\u00e9but de l&rsquo;ann\u00e9e 2026. Son travail a \u00e9t\u00e9 expos\u00e9 dans des institutions et des galeries \u00e0 la fois \u00e0 Amsterdam &#8211; o\u00f9 elle r\u00e9side &#8211; et \u00e0 l&rsquo;\u00e9tranger, notamment au Stedelijk Museum Amsterdam, au Museum Arnhem, \u00e0 l&rsquo;Australian Centre for Contemporary Art, \u00e0 l&rsquo;Asia Culture Center \u00e0 Gwangju, en Cor\u00e9e du Sud, et \u00e0 l&rsquo;ISCP \u00e0 New York, aux \u00c9tats-Unis.<\/em><\/p>\n<p style=\"text-align: justify;\"><em><strong>Roula Matar<\/strong>,<\/em> <em>ar<\/em><em>chitecte et docteure en histoire de l\u2019art, est ma\u00eetresse de conf\u00e9rences en Histoire et Cultures Architecturales \u00e0 l\u2019\u00e9cole nationale sup\u00e9rieure d\u2019Architecture de Versailles. Ses recherches et publications se consacrent aux croisements des disciplines, notamment aux rapports de l\u2019\u0153uvre d\u2019art \u00e0 l\u2019architecture, aux XX<sup>e<\/sup> et XXI<sup>e<\/sup>\u00a0si\u00e8cles. Sur ce sujet, elle a publi\u00e9\u00a0<\/em>L\u2019Architecture selon Gordon Matta-Clark<em>, aux Presses du r\u00e9el (2022). Ses recherches r\u00e9centes portent sur l\u2019histoire des espaces de l\u2019exposition et sur l\u2019histoire de l\u2019architecture du mus\u00e9e. &#8212;<\/em><\/p>\n<p>&nbsp;<\/p>\n<p style=\"text-align: justify;\">Entretien r\u00e9alis\u00e9 par courriel \u00e0 l\u2019automne 2024 \u00e0 propos des deux ouvrages d&rsquo;Inge Meijer <em>: The Plant Collection<\/em> (Roma publications, Amsterdam, 2019) et <em>The MoMA Plant Collection<\/em> (Roma publications, Amsterdam, 2024) dont certains extraits sont pr\u00e9sent\u00e9s ici.<\/p>\n<p style=\"text-align: justify;\">Toutes les images ci-dessous sont reproduites avec l&rsquo;aimable autorisation d&rsquo;Inge Meijer, Martha Olech (photographe), The Museum of Modern Art \/ Licensed by SCALA.<\/p>\n<p>&nbsp;<\/p>\n<p style=\"text-align: justify;\"><strong>Roula Matar <\/strong>: Ch\u00e8re Inge, en pr\u00e9parant les trois journ\u00e9es d\u2019\u00e9tudes d\u00e9di\u00e9es \u00e0 l\u2019histoire des espaces de l\u2019exposition et aux archives visuelles<a href=\"#_ftn1\" name=\"_ftnref1\">[1]<\/a>, les images en noir et blanc de votre premier livre <em>The Plant Collection<\/em>, publi\u00e9 en 2019, me sont revenues. L\u2019ouvrage \u00e9tait enti\u00e8rement constitu\u00e9 de photographies des espaces d\u2019expositions du Stedelijk Museum \u00e0 Amsterdam, des vues trouv\u00e9es dans les archives de l\u2019institution, choisies pour la pr\u00e9sence des plantes dans les espaces du mus\u00e9e. En raison du calendrier, vous n\u2019aviez pu venir \u00e0 Versailles \u00e9voquer ce travail, c\u2019est pourquoi, je suis tr\u00e8s heureuse de pouvoir mener cette conversation avec vous aujourd\u2019hui. Comment en \u00eates-vous venue \u00e0 travailler sur la pr\u00e9sence des plantes dans le Stedelijk Museum ? Comment est n\u00e9 le projet de recherche dans les archives du mus\u00e9e et quels \u00e9taient vos int\u00e9r\u00eats initiaux ?<\/p>\n<p style=\"text-align: justify;\"><strong>Inge Meijer <\/strong>: Il y a plusieurs ann\u00e9es, avec un groupe d&rsquo;artistes du Rijksakademie van Beeldende Kunsten<a href=\"#_ftn2\" name=\"_ftnref2\">[2]<\/a>, j&rsquo;ai particip\u00e9 \u00e0 une visite du Stedelijk Museum Amsterdam (SMA) anim\u00e9e par l&rsquo;archiviste Michiel Nijhoff pour en savoir plus sur l&rsquo;histoire, les archives et la biblioth\u00e8que de ce mus\u00e9e. Au cours de la pr\u00e9sentation, Nijhoff a montr\u00e9 des photos d&rsquo;exposition sur lesquelles figuraient des plantes. Lorsque je l&rsquo;ai interrog\u00e9 \u00e0 ce sujet, il m&rsquo;a r\u00e9pondu qu&rsquo;il existait quelque part dans les archives une liste de toutes les plantes qui faisaient partie du mus\u00e9e. Comme il n&rsquo;avait pas le temps de chercher tout de suite, j&rsquo;ai commenc\u00e9 \u00e0 consulter les photos d&rsquo;exposition num\u00e9ris\u00e9es sur l&rsquo;ordinateur de la biblioth\u00e8que. \u00c0 ma grande surprise, il s&rsquo;est av\u00e9r\u00e9 qu&rsquo;il y avait beaucoup de photos avec des plantes et une fois que j&rsquo;ai commenc\u00e9 \u00e0 voir des plantes, je n&rsquo;ai pas pu m&rsquo;arr\u00eater de les chercher.<\/p>\n<figure id=\"attachment_3125\" aria-describedby=\"caption-attachment-3125\" style=\"width: 840px\" class=\"wp-caption alignnone\"><img data-recalc-dims=\"1\" loading=\"lazy\" decoding=\"async\" class=\"wp-image-3125 size-large\" src=\"https:\/\/i0.wp.com\/www.revue-exposition.com\/wp-content\/uploads\/2025\/04\/The-Plant-Collection2019_1.jpg?resize=840%2C560&#038;ssl=1\" alt=\"\" width=\"840\" height=\"560\" srcset=\"https:\/\/i0.wp.com\/www.revue-exposition.com\/wp-content\/uploads\/2025\/04\/The-Plant-Collection2019_1-scaled.jpg?resize=1024%2C683&amp;ssl=1 1024w, https:\/\/i0.wp.com\/www.revue-exposition.com\/wp-content\/uploads\/2025\/04\/The-Plant-Collection2019_1-scaled.jpg?resize=300%2C200&amp;ssl=1 300w, https:\/\/i0.wp.com\/www.revue-exposition.com\/wp-content\/uploads\/2025\/04\/The-Plant-Collection2019_1-scaled.jpg?resize=768%2C512&amp;ssl=1 768w, https:\/\/i0.wp.com\/www.revue-exposition.com\/wp-content\/uploads\/2025\/04\/The-Plant-Collection2019_1-scaled.jpg?resize=1536%2C1024&amp;ssl=1 1536w, https:\/\/i0.wp.com\/www.revue-exposition.com\/wp-content\/uploads\/2025\/04\/The-Plant-Collection2019_1-scaled.jpg?resize=2048%2C1365&amp;ssl=1 2048w, https:\/\/i0.wp.com\/www.revue-exposition.com\/wp-content\/uploads\/2025\/04\/The-Plant-Collection2019_1-scaled.jpg?resize=1200%2C800&amp;ssl=1 1200w, https:\/\/i0.wp.com\/www.revue-exposition.com\/wp-content\/uploads\/2025\/04\/The-Plant-Collection2019_1-scaled.jpg?w=1680&amp;ssl=1 1680w, https:\/\/i0.wp.com\/www.revue-exposition.com\/wp-content\/uploads\/2025\/04\/The-Plant-Collection2019_1-scaled.jpg?w=2520&amp;ssl=1 2520w\" sizes=\"auto, (max-width: 709px) 85vw, (max-width: 909px) 67vw, (max-width: 1362px) 62vw, 840px\" \/><figcaption id=\"caption-attachment-3125\" class=\"wp-caption-text\">Fig. 1 : Inge Meijer, The Plant Collection, Amsterdam, Roma Publications, 2019. Couverture de l\u2019ouvrage avec un gros plan sur l&rsquo;exposition \u00ab\u00a0Ben Shahn\u00a0\u00bb (1962) au Stedelijk Museum.<\/figcaption><\/figure>\n<p style=\"text-align: justify;\">Mis \u00e0 part quelques documents, il n&rsquo;y avait pas d&rsquo;informations sur la raison pour laquelle les plantes faisaient partie des expositions. J&rsquo;ai donc commenc\u00e9 \u00e0 interroger d&rsquo;anciens employ\u00e9s qui travaillaient au mus\u00e9e \u00e0 l&rsquo;\u00e9poque. C&rsquo;est ainsi que j&rsquo;en ai appris davantage sur le gardien des plantes, H. J. van der Ham. Il a \u00e9t\u00e9 engag\u00e9 comme pr\u00e9pos\u00e9 le 1<sup>er<\/sup> f\u00e9vrier 1958 et a suivi un cours de botanique durant deux ans \u00e0 la soci\u00e9t\u00e9 royale n\u00e9erlandaise d&rsquo;Horticulture et de Botanique, qu&rsquo;il a termin\u00e9 en 1962. Il s&rsquo;est occup\u00e9 de toutes les plantes du mus\u00e9e jusqu&rsquo;\u00e0 sa retraite en 1974. Le 15 septembre 1967, il a inventori\u00e9 94 plantes individuelles et 38 plantes group\u00e9es diss\u00e9min\u00e9es dans le mus\u00e9e.<\/p>\n<p style=\"text-align: justify;\">Peu \u00e0 peu, je me suis interrog\u00e9e sur les parall\u00e8les entre les plantes et les \u0153uvres d&rsquo;art. Ce qui ressort des photographies de l&rsquo;exposition, c&rsquo;est que les plantes ont v\u00e9cu dans le mus\u00e9e pendant de nombreuses ann\u00e9es et ont fait partie de plusieurs expositions. Elles ont \u00e9t\u00e9 conserv\u00e9es dans l&rsquo;espace et plac\u00e9es dans une nouvelle composition apr\u00e8s chaque exposition. Lorsqu&rsquo;elles ne se trouvaient pas dans les galeries, elles \u00e9taient temporairement install\u00e9es dans les bureaux.<\/p>\n<p style=\"text-align: justify;\"><strong>R. M.<\/strong> : Pourriez-vous parler d&rsquo;une \u00ab\u00a0collection\u00a0\u00bb de plantes, parall\u00e8le \u00e0 la collection d&rsquo;\u0153uvres d&rsquo;art ?<\/p>\n<p style=\"text-align: justify;\"><strong>I. M.<\/strong> : Le directeur du SMA, Willem Sandberg, a mentionn\u00e9 dans une lettre \u00e0 l&rsquo;occasion du d\u00e9part \u00e0 la retraite de H. J. van der Ham, qu&rsquo;il avait apport\u00e9 les premi\u00e8res plantes de sa maison et les avait plac\u00e9es \u00e0 c\u00f4t\u00e9 des \u0153uvres d&rsquo;art de Hendrik Nicolaas Werkman (1882-1945) lors de l&rsquo;exposition <em>H. N. Werkman drukker-schilder<\/em> en 1945. Selon ses termes, il s&rsquo;agissait de \u00ab\u00a0l&rsquo;entr\u00e9e de la nature dans le mus\u00e9e<a href=\"#_ftn3\" name=\"_ftnref3\">[3]<\/a> \u00bb et d&rsquo;une mani\u00e8re de relier l&rsquo;int\u00e9rieur \u00e0 l&rsquo;ext\u00e9rieur. Curieusement, on ne trouve rien sur cette relation durable entre l&rsquo;art et les plantes dans la narration de l&rsquo;histoire du mus\u00e9e. C&rsquo;est pourquoi j&rsquo;ai d\u00e9cid\u00e9 de faire une publication sur ces plantes. J&rsquo;ai recherch\u00e9 toutes les photos d&rsquo;exposition dans le but de \u00ab\u00a0prouver\u00a0\u00bb leur pr\u00e9sence de 1945 \u00e0 1983.<\/p>\n<figure id=\"attachment_3126\" aria-describedby=\"caption-attachment-3126\" style=\"width: 840px\" class=\"wp-caption alignnone\"><img data-recalc-dims=\"1\" loading=\"lazy\" decoding=\"async\" class=\"size-large wp-image-3126\" src=\"https:\/\/i0.wp.com\/www.revue-exposition.com\/wp-content\/uploads\/2025\/04\/The-Plant-Collection2019_2.jpg?resize=840%2C560&#038;ssl=1\" alt=\"\" width=\"840\" height=\"560\" srcset=\"https:\/\/i0.wp.com\/www.revue-exposition.com\/wp-content\/uploads\/2025\/04\/The-Plant-Collection2019_2-scaled.jpg?resize=1024%2C683&amp;ssl=1 1024w, https:\/\/i0.wp.com\/www.revue-exposition.com\/wp-content\/uploads\/2025\/04\/The-Plant-Collection2019_2-scaled.jpg?resize=300%2C200&amp;ssl=1 300w, https:\/\/i0.wp.com\/www.revue-exposition.com\/wp-content\/uploads\/2025\/04\/The-Plant-Collection2019_2-scaled.jpg?resize=768%2C512&amp;ssl=1 768w, https:\/\/i0.wp.com\/www.revue-exposition.com\/wp-content\/uploads\/2025\/04\/The-Plant-Collection2019_2-scaled.jpg?resize=1536%2C1024&amp;ssl=1 1536w, https:\/\/i0.wp.com\/www.revue-exposition.com\/wp-content\/uploads\/2025\/04\/The-Plant-Collection2019_2-scaled.jpg?resize=2048%2C1366&amp;ssl=1 2048w, https:\/\/i0.wp.com\/www.revue-exposition.com\/wp-content\/uploads\/2025\/04\/The-Plant-Collection2019_2-scaled.jpg?resize=1200%2C800&amp;ssl=1 1200w, https:\/\/i0.wp.com\/www.revue-exposition.com\/wp-content\/uploads\/2025\/04\/The-Plant-Collection2019_2-scaled.jpg?w=1680&amp;ssl=1 1680w, https:\/\/i0.wp.com\/www.revue-exposition.com\/wp-content\/uploads\/2025\/04\/The-Plant-Collection2019_2-scaled.jpg?w=2520&amp;ssl=1 2520w\" sizes=\"auto, (max-width: 709px) 85vw, (max-width: 909px) 67vw, (max-width: 1362px) 62vw, 840px\" \/><figcaption id=\"caption-attachment-3126\" class=\"wp-caption-text\">Fig. 2 : Inge Meijer, The Plant Collection, Amsterdam, Roma Publications, 2019. L&rsquo;index de la collection de plantes avec, \u00e0 gauche et \u00e0 droite, l&rsquo;index des plantes utilis\u00e9es au Stedelijk Museum d&rsquo;Amsterdam. Au centre, la premi\u00e8re page de la publication montre l&rsquo;exposition \u00ab\u00a0N. H. Werkman, drukker-schilder\u00a0\u00bb (1945).<\/figcaption><\/figure>\n<p style=\"text-align: justify;\">Comme j&rsquo;ai compris que le directeur Willem Sandberg \u00e9tait tr\u00e8s influenc\u00e9 par Alfred Barr et le Museum of Modern Art de New York (MoMA), je me suis demand\u00e9 s&rsquo;il y avait aussi une relation entre les plantes. Lorsque j&rsquo;ai regard\u00e9 les photos de leurs expositions, pensant que je n&rsquo;allais pas voir de plantes, j&rsquo;ai \u00e9t\u00e9 surprise de constater que ce n&rsquo;\u00e9tait pas le cas, mais que les archives en montraient beaucoup.<\/p>\n<p style=\"text-align: justify;\">Fond\u00e9 en 1929, le MoMA est consid\u00e9r\u00e9 par certains comme l&rsquo;un des mus\u00e9es d&rsquo;art moderne et contemporain les plus influents au monde et a \u00e9t\u00e9 un pr\u00e9curseur en mati\u00e8re de conception d&rsquo;expositions et de d\u00e9veloppement du \u00ab <em>white cube <\/em>\u00bb. Le fait que les plantes aient \u00e9t\u00e9 un \u00e9l\u00e9ment r\u00e9current dans la conception de l&rsquo;exposition est un \u00e9l\u00e9ment sous-expos\u00e9. Mes recherches (bas\u00e9es sur la documentation des expositions) montrent qu&rsquo;elles ont fait partie de plus de 200 expositions.<\/p>\n<figure id=\"attachment_3120\" aria-describedby=\"caption-attachment-3120\" style=\"width: 840px\" class=\"wp-caption alignnone\"><img data-recalc-dims=\"1\" loading=\"lazy\" decoding=\"async\" class=\"size-large wp-image-3120\" src=\"https:\/\/i0.wp.com\/www.revue-exposition.com\/wp-content\/uploads\/2025\/04\/The-MoMA-Plant-Collection-2024_1.jpg?resize=840%2C560&#038;ssl=1\" alt=\"\" width=\"840\" height=\"560\" srcset=\"https:\/\/i0.wp.com\/www.revue-exposition.com\/wp-content\/uploads\/2025\/04\/The-MoMA-Plant-Collection-2024_1-scaled.jpg?resize=1024%2C683&amp;ssl=1 1024w, https:\/\/i0.wp.com\/www.revue-exposition.com\/wp-content\/uploads\/2025\/04\/The-MoMA-Plant-Collection-2024_1-scaled.jpg?resize=300%2C200&amp;ssl=1 300w, https:\/\/i0.wp.com\/www.revue-exposition.com\/wp-content\/uploads\/2025\/04\/The-MoMA-Plant-Collection-2024_1-scaled.jpg?resize=768%2C512&amp;ssl=1 768w, https:\/\/i0.wp.com\/www.revue-exposition.com\/wp-content\/uploads\/2025\/04\/The-MoMA-Plant-Collection-2024_1-scaled.jpg?resize=1536%2C1025&amp;ssl=1 1536w, https:\/\/i0.wp.com\/www.revue-exposition.com\/wp-content\/uploads\/2025\/04\/The-MoMA-Plant-Collection-2024_1-scaled.jpg?resize=2048%2C1366&amp;ssl=1 2048w, https:\/\/i0.wp.com\/www.revue-exposition.com\/wp-content\/uploads\/2025\/04\/The-MoMA-Plant-Collection-2024_1-scaled.jpg?resize=1200%2C800&amp;ssl=1 1200w, https:\/\/i0.wp.com\/www.revue-exposition.com\/wp-content\/uploads\/2025\/04\/The-MoMA-Plant-Collection-2024_1-scaled.jpg?w=1680&amp;ssl=1 1680w, https:\/\/i0.wp.com\/www.revue-exposition.com\/wp-content\/uploads\/2025\/04\/The-MoMA-Plant-Collection-2024_1-scaled.jpg?w=2520&amp;ssl=1 2520w\" sizes=\"auto, (max-width: 709px) 85vw, (max-width: 909px) 67vw, (max-width: 1362px) 62vw, 840px\" \/><figcaption id=\"caption-attachment-3120\" class=\"wp-caption-text\">Fig. 3 : Inge Meijer, The MoMA Plant Collection, Amsterdam, Roma Publications, 2024. Couverture de l\u2019ouvrage avec un gros plan sur l&rsquo;exposition \u00ab\u00a0The Museum Collection of Painting and Sculpture (1945-1946)\u00a0\u00bb au Museum of Modern Art de New York.<\/figcaption><\/figure>\n<p style=\"text-align: justify;\"><strong>R. M.<\/strong> : Comment avez-vous proc\u00e9d\u00e9 \u00e0 cette recherche, par p\u00e9riode ? Par espace ? Comment avez-vous s\u00e9lectionn\u00e9 les photographies, selon quels crit\u00e8res ?<\/p>\n<p style=\"text-align: justify;\"><strong>I. M.<\/strong> : Dans les deux mus\u00e9es, mon objectif \u00e9tait de rassembler les photos d&rsquo;expositions comportant des plantes. Mon objectif \u00e9tait de trouver autant de preuves que possible de leur existence. Ainsi, m\u00eame s&rsquo;il n&rsquo;y avait que l&rsquo;ombre d&rsquo;une plante, la moiti\u00e9 d&rsquo;une plante ou m\u00eame simplement une feuille sur la photographie, je l&rsquo;ai incluse. En tant qu&rsquo;artiste, je m&rsquo;int\u00e9resse \u00e0 la forme, \u00e0 l&rsquo;\u00e9quilibre, au rythme, \u00e0 la lumi\u00e8re et \u00e0 la relation entre l&rsquo;\u0153uvre et son environnement. J&rsquo;ai d\u00e9couvert quelques expositions qui m&rsquo;ont sembl\u00e9 int\u00e9ressantes, comme celle de <em>Hans Verhulst<\/em> (1962) et celle d&rsquo;\u00c9tienne-Martin, <em>Sculptures<\/em> (1964) au SMA. Dans ma pratique artistique, je suis curieuse de l&rsquo;espace interm\u00e9diaire entre la culture et la nature, de la mani\u00e8re dont elles sont li\u00e9es, se chevauchent, fusionnent. C&rsquo;est la raison pour laquelle ces expositions me fascinent tant.<\/p>\n<figure id=\"attachment_3127\" aria-describedby=\"caption-attachment-3127\" style=\"width: 840px\" class=\"wp-caption alignnone\"><img data-recalc-dims=\"1\" loading=\"lazy\" decoding=\"async\" class=\"size-large wp-image-3127\" src=\"https:\/\/i0.wp.com\/www.revue-exposition.com\/wp-content\/uploads\/2025\/04\/The-Plant-Collection2019_3.jpg?resize=840%2C560&#038;ssl=1\" alt=\"\" width=\"840\" height=\"560\" srcset=\"https:\/\/i0.wp.com\/www.revue-exposition.com\/wp-content\/uploads\/2025\/04\/The-Plant-Collection2019_3-scaled.jpg?resize=1024%2C683&amp;ssl=1 1024w, https:\/\/i0.wp.com\/www.revue-exposition.com\/wp-content\/uploads\/2025\/04\/The-Plant-Collection2019_3-scaled.jpg?resize=300%2C200&amp;ssl=1 300w, https:\/\/i0.wp.com\/www.revue-exposition.com\/wp-content\/uploads\/2025\/04\/The-Plant-Collection2019_3-scaled.jpg?resize=768%2C513&amp;ssl=1 768w, https:\/\/i0.wp.com\/www.revue-exposition.com\/wp-content\/uploads\/2025\/04\/The-Plant-Collection2019_3-scaled.jpg?resize=1536%2C1025&amp;ssl=1 1536w, https:\/\/i0.wp.com\/www.revue-exposition.com\/wp-content\/uploads\/2025\/04\/The-Plant-Collection2019_3-scaled.jpg?resize=2048%2C1367&amp;ssl=1 2048w, https:\/\/i0.wp.com\/www.revue-exposition.com\/wp-content\/uploads\/2025\/04\/The-Plant-Collection2019_3-scaled.jpg?resize=1200%2C801&amp;ssl=1 1200w, https:\/\/i0.wp.com\/www.revue-exposition.com\/wp-content\/uploads\/2025\/04\/The-Plant-Collection2019_3-scaled.jpg?w=1680&amp;ssl=1 1680w, https:\/\/i0.wp.com\/www.revue-exposition.com\/wp-content\/uploads\/2025\/04\/The-Plant-Collection2019_3-scaled.jpg?w=2520&amp;ssl=1 2520w\" sizes=\"auto, (max-width: 709px) 85vw, (max-width: 909px) 67vw, (max-width: 1362px) 62vw, 840px\" \/><figcaption id=\"caption-attachment-3127\" class=\"wp-caption-text\">Fig. 4 : Inge Meijer, The Plant Collection, Amsterdam, Roma Publications, 2019. \u00c0 la page 38, l&rsquo;exposition \u00ab\u00a0Hans Verhulst\u00a0\u00bb (1962) et \u00e0 la page 39, l&rsquo;exposition \u00ab\u00a0Laurens\u00a0\u00bb (1962) avec diverses esp\u00e8ces de plantes, au Stedelijk Museum.<\/figcaption><\/figure>\n<figure id=\"attachment_3128\" aria-describedby=\"caption-attachment-3128\" style=\"width: 840px\" class=\"wp-caption alignnone\"><img data-recalc-dims=\"1\" loading=\"lazy\" decoding=\"async\" class=\"size-large wp-image-3128\" src=\"https:\/\/i0.wp.com\/www.revue-exposition.com\/wp-content\/uploads\/2025\/04\/The-Plant-Collection2019_4.jpg?resize=840%2C560&#038;ssl=1\" alt=\"\" width=\"840\" height=\"560\" srcset=\"https:\/\/i0.wp.com\/www.revue-exposition.com\/wp-content\/uploads\/2025\/04\/The-Plant-Collection2019_4-scaled.jpg?resize=1024%2C683&amp;ssl=1 1024w, https:\/\/i0.wp.com\/www.revue-exposition.com\/wp-content\/uploads\/2025\/04\/The-Plant-Collection2019_4-scaled.jpg?resize=300%2C200&amp;ssl=1 300w, https:\/\/i0.wp.com\/www.revue-exposition.com\/wp-content\/uploads\/2025\/04\/The-Plant-Collection2019_4-scaled.jpg?resize=768%2C513&amp;ssl=1 768w, https:\/\/i0.wp.com\/www.revue-exposition.com\/wp-content\/uploads\/2025\/04\/The-Plant-Collection2019_4-scaled.jpg?resize=1536%2C1025&amp;ssl=1 1536w, https:\/\/i0.wp.com\/www.revue-exposition.com\/wp-content\/uploads\/2025\/04\/The-Plant-Collection2019_4-scaled.jpg?resize=2048%2C1367&amp;ssl=1 2048w, https:\/\/i0.wp.com\/www.revue-exposition.com\/wp-content\/uploads\/2025\/04\/The-Plant-Collection2019_4-scaled.jpg?resize=1200%2C801&amp;ssl=1 1200w, https:\/\/i0.wp.com\/www.revue-exposition.com\/wp-content\/uploads\/2025\/04\/The-Plant-Collection2019_4-scaled.jpg?w=1680&amp;ssl=1 1680w, https:\/\/i0.wp.com\/www.revue-exposition.com\/wp-content\/uploads\/2025\/04\/The-Plant-Collection2019_4-scaled.jpg?w=2520&amp;ssl=1 2520w\" sizes=\"auto, (max-width: 709px) 85vw, (max-width: 909px) 67vw, (max-width: 1362px) 62vw, 840px\" \/><figcaption id=\"caption-attachment-3128\" class=\"wp-caption-text\">Fig. 5 : Inge Meijer, The Plant Collection, Amsterdam, Roma Publications, 2019. Aux pages 48 et 49 est montr\u00e9e l&rsquo;exposition \u00ab\u00a0\u00c9tienne-Martin Sculptures\u00a0\u00bb (1964), associ\u00e9e aux numerus clausus de la vie v\u00e9g\u00e9tale au Stedelijk Museum.<\/figcaption><\/figure>\n<p style=\"text-align: justify;\">Mon point de d\u00e9part au SMA remonte \u00e0 1945, lorsque j&rsquo;ai d\u00e9couvert les premi\u00e8res plantes associ\u00e9es \u00e0 des \u0153uvres d&rsquo;art. Les murs du mus\u00e9e avaient \u00e9t\u00e9 peints en blanc en 1938 pour marquer l&rsquo;orientation moderne de l&rsquo;institut. Il \u00e9tait fascinant de constater que tous les ornements (organiques), les murs de briques et autres distractions devaient \u00eatre rendus \u00ab invisibles \u00bb par la couleur blanche, puis que les plantes devaient \u00eatre r\u00e9introduites dans les galeries. Au MoMA, j&rsquo;ai commenc\u00e9 par la p\u00e9riode de fondation en 1929 jusqu&rsquo;\u00e0 l&rsquo;exposition <em>Matisse: The Red Studio<\/em> en 2022.<\/p>\n<figure id=\"attachment_3121\" aria-describedby=\"caption-attachment-3121\" style=\"width: 840px\" class=\"wp-caption alignnone\"><img data-recalc-dims=\"1\" loading=\"lazy\" decoding=\"async\" class=\"size-large wp-image-3121\" src=\"https:\/\/i0.wp.com\/www.revue-exposition.com\/wp-content\/uploads\/2025\/04\/The-MoMA-Plant-Collection-2024_2.jpg?resize=840%2C561&#038;ssl=1\" alt=\"\" width=\"840\" height=\"561\" srcset=\"https:\/\/i0.wp.com\/www.revue-exposition.com\/wp-content\/uploads\/2025\/04\/The-MoMA-Plant-Collection-2024_2-scaled.jpg?resize=1024%2C684&amp;ssl=1 1024w, https:\/\/i0.wp.com\/www.revue-exposition.com\/wp-content\/uploads\/2025\/04\/The-MoMA-Plant-Collection-2024_2-scaled.jpg?resize=300%2C200&amp;ssl=1 300w, https:\/\/i0.wp.com\/www.revue-exposition.com\/wp-content\/uploads\/2025\/04\/The-MoMA-Plant-Collection-2024_2-scaled.jpg?resize=768%2C513&amp;ssl=1 768w, https:\/\/i0.wp.com\/www.revue-exposition.com\/wp-content\/uploads\/2025\/04\/The-MoMA-Plant-Collection-2024_2-scaled.jpg?resize=1536%2C1025&amp;ssl=1 1536w, https:\/\/i0.wp.com\/www.revue-exposition.com\/wp-content\/uploads\/2025\/04\/The-MoMA-Plant-Collection-2024_2-scaled.jpg?resize=2048%2C1367&amp;ssl=1 2048w, https:\/\/i0.wp.com\/www.revue-exposition.com\/wp-content\/uploads\/2025\/04\/The-MoMA-Plant-Collection-2024_2-scaled.jpg?resize=1200%2C801&amp;ssl=1 1200w, https:\/\/i0.wp.com\/www.revue-exposition.com\/wp-content\/uploads\/2025\/04\/The-MoMA-Plant-Collection-2024_2-scaled.jpg?w=1680&amp;ssl=1 1680w, https:\/\/i0.wp.com\/www.revue-exposition.com\/wp-content\/uploads\/2025\/04\/The-MoMA-Plant-Collection-2024_2-scaled.jpg?w=2520&amp;ssl=1 2520w\" sizes=\"auto, (max-width: 709px) 85vw, (max-width: 909px) 67vw, (max-width: 1362px) 62vw, 840px\" \/><figcaption id=\"caption-attachment-3121\" class=\"wp-caption-text\">Fig. 6 : Inge Meijer, The MoMA Plant Collection, Amsterdam, Roma Publications, 2024. \u00c0 la page 102, l&rsquo;exposition \u00ab\u00a0Paris &#8211; Les ann\u00e9es 1890\u00a0\u00bb (1997) fait face \u00e0 la r\u00e9cente exposition \u00ab\u00a0Henri Matisse: The Red Room\u00a0\u00bb (2022) r\u00e9unissant une vari\u00e9t\u00e9 de plantes au Museum of Modern Art de New York. \u00c0 la page 103, le texte \u00ab\u00a0Bringing in Plants\u201d, Maria Barnas en conversation avec Inge Meijer.<\/figcaption><\/figure>\n<p style=\"text-align: justify;\">Tant au SMA qu&rsquo;au MoMA, j&rsquo;ai laiss\u00e9 de c\u00f4t\u00e9 certaines expositions de design, comme par exemple <em>The Way We Live in Sweden<\/em> (1947, SMA) ou <em>Organic Design in Home Furnishings<\/em> (1941, MoMA). Ici, la distinction entre l&rsquo;int\u00e9rieur du mus\u00e9e (en raison de la reconstitution d&rsquo;une maison priv\u00e9e comme concept de l&rsquo;exposition) et les \u0153uvres d&rsquo;art \u00e9tait floue, ce qui rendait l&rsquo;exposition moins int\u00e9ressante pour mes recherches.<\/p>\n<p style=\"text-align: justify;\"><strong>R. M.<\/strong> : Avez-vous appliqu\u00e9 le m\u00eame processus \u00e0 vos recherches au MoMA ? Comment avez-vous proc\u00e9d\u00e9 et qu&rsquo;avez-vous d\u00e9couvert ?<\/p>\n<p style=\"text-align: justify;\"><strong>I. M.<\/strong> : J&rsquo;ai appliqu\u00e9 le m\u00eame processus, mais j&rsquo;ai remarqu\u00e9 que les deux instituts \u00e9taient organis\u00e9s de mani\u00e8re tr\u00e8s diff\u00e9rente. Le SMA a \u00e9t\u00e9 financ\u00e9 par la municipalit\u00e9 et a donc d\u00fb d\u00e9clarer chaque centime, ce qui se refl\u00e8te dans ses archives. Toute la gestion des dossiers, par exemple qui a travaill\u00e9 o\u00f9 et pendant combien de temps, est accessible. Le MoMA est une institution financ\u00e9e par le secteur priv\u00e9 et a commenc\u00e9 \u00e0 disposer d&rsquo;archives officielles en 1989.<\/p>\n<p style=\"text-align: justify;\">Au SMA, presque toutes les expositions n&rsquo;\u00e9taient pas num\u00e9ris\u00e9es, ce qui m&rsquo;a oblig\u00e9e \u00e0 passer en revue toutes les photos analogiques des expositions. En revanche, lorsque j&rsquo;ai voulu savoir qui s&rsquo;occupait des plantes du mus\u00e9e, cette information a \u00e9t\u00e9 relativement facile \u00e0 trouver.<\/p>\n<p style=\"text-align: justify;\">Au MoMA, l&rsquo;histoire des expositions a \u00e9t\u00e9 num\u00e9ris\u00e9e, ce qui m&rsquo;a permis de faire des recherches depuis mon studio d&rsquo;Amsterdam. En effet, ce n&rsquo;est qu&rsquo;apr\u00e8s 60 ans que le mus\u00e9e a commenc\u00e9 \u00e0 disposer d&rsquo;archives officielles. Pendant des semaines, j&rsquo;ai fouill\u00e9 dans des milliers de documents afin de trouver des informations sur l&rsquo;aspect plus organisationnel de la conservation des plantes dans les espaces du mus\u00e9e. Par exemple, les instructions pour l&rsquo;entretien des plantes de l&rsquo;exposition <em>Hans Hofmann<\/em> (1963, MoMA) dans lesquelles Alicia Legg \u00e9crit \u00e0 M. Haviland\u00a0: \u00ab\u00a0Les instructions pour l&rsquo;arrosage des deux <em>Ficus Pandurata<\/em> au troisi\u00e8me \u00e9tage sont les suivantes : un quart pour chaque plante deux fois par semaine<a href=\"#_ftn4\" name=\"_ftnref4\">[4]<\/a>\u00a0\u00bb, ou des plantes dessin\u00e9es sur le plan de l&rsquo;exposition <em>Henri Rousseau<\/em> (1942, MoMA), ou des factures de plantes pour l&rsquo;exposition <em>100 Drawings From the Museum Collection<\/em> (1960, MoMA).<\/p>\n<figure id=\"attachment_3122\" aria-describedby=\"caption-attachment-3122\" style=\"width: 840px\" class=\"wp-caption alignnone\"><img data-recalc-dims=\"1\" loading=\"lazy\" decoding=\"async\" class=\"size-large wp-image-3122\" src=\"https:\/\/i0.wp.com\/www.revue-exposition.com\/wp-content\/uploads\/2025\/04\/The-MoMA-Plant-Collection-2024_3.jpg?resize=840%2C561&#038;ssl=1\" alt=\"\" width=\"840\" height=\"561\" srcset=\"https:\/\/i0.wp.com\/www.revue-exposition.com\/wp-content\/uploads\/2025\/04\/The-MoMA-Plant-Collection-2024_3-scaled.jpg?resize=1024%2C684&amp;ssl=1 1024w, https:\/\/i0.wp.com\/www.revue-exposition.com\/wp-content\/uploads\/2025\/04\/The-MoMA-Plant-Collection-2024_3-scaled.jpg?resize=300%2C200&amp;ssl=1 300w, https:\/\/i0.wp.com\/www.revue-exposition.com\/wp-content\/uploads\/2025\/04\/The-MoMA-Plant-Collection-2024_3-scaled.jpg?resize=768%2C513&amp;ssl=1 768w, https:\/\/i0.wp.com\/www.revue-exposition.com\/wp-content\/uploads\/2025\/04\/The-MoMA-Plant-Collection-2024_3-scaled.jpg?resize=1536%2C1025&amp;ssl=1 1536w, https:\/\/i0.wp.com\/www.revue-exposition.com\/wp-content\/uploads\/2025\/04\/The-MoMA-Plant-Collection-2024_3-scaled.jpg?resize=2048%2C1367&amp;ssl=1 2048w, https:\/\/i0.wp.com\/www.revue-exposition.com\/wp-content\/uploads\/2025\/04\/The-MoMA-Plant-Collection-2024_3-scaled.jpg?resize=1200%2C801&amp;ssl=1 1200w, https:\/\/i0.wp.com\/www.revue-exposition.com\/wp-content\/uploads\/2025\/04\/The-MoMA-Plant-Collection-2024_3-scaled.jpg?w=1680&amp;ssl=1 1680w, https:\/\/i0.wp.com\/www.revue-exposition.com\/wp-content\/uploads\/2025\/04\/The-MoMA-Plant-Collection-2024_3-scaled.jpg?w=2520&amp;ssl=1 2520w\" sizes=\"auto, (max-width: 709px) 85vw, (max-width: 909px) 67vw, (max-width: 1362px) 62vw, 840px\" \/><figcaption id=\"caption-attachment-3122\" class=\"wp-caption-text\">Fig. 7 : Inge Meijer, The MoMA Plant Collection, Amsterdam, Roma Publications, 2024. Aux pages 12 et 13, des photos et dessins des expositions \u00ab\u00a0Henri Rousseau\u00a0\u00bb (1942) et \u00ab\u00a0Isadora Duncan: Drawings, Photographs, Memorabilia\u00a0\u00bb (1942), associ\u00e9es \u00e0 diverses plantes au Museum of Modern Art de New York.<\/figcaption><\/figure>\n<figure id=\"attachment_3123\" aria-describedby=\"caption-attachment-3123\" style=\"width: 840px\" class=\"wp-caption alignnone\"><img data-recalc-dims=\"1\" loading=\"lazy\" decoding=\"async\" class=\"size-large wp-image-3123\" src=\"https:\/\/i0.wp.com\/www.revue-exposition.com\/wp-content\/uploads\/2025\/04\/The-MoMA-Plant-Collection-2024_4.jpg?resize=840%2C561&#038;ssl=1\" alt=\"\" width=\"840\" height=\"561\" srcset=\"https:\/\/i0.wp.com\/www.revue-exposition.com\/wp-content\/uploads\/2025\/04\/The-MoMA-Plant-Collection-2024_4-scaled.jpg?resize=1024%2C684&amp;ssl=1 1024w, https:\/\/i0.wp.com\/www.revue-exposition.com\/wp-content\/uploads\/2025\/04\/The-MoMA-Plant-Collection-2024_4-scaled.jpg?resize=300%2C200&amp;ssl=1 300w, https:\/\/i0.wp.com\/www.revue-exposition.com\/wp-content\/uploads\/2025\/04\/The-MoMA-Plant-Collection-2024_4-scaled.jpg?resize=768%2C513&amp;ssl=1 768w, https:\/\/i0.wp.com\/www.revue-exposition.com\/wp-content\/uploads\/2025\/04\/The-MoMA-Plant-Collection-2024_4-scaled.jpg?resize=1536%2C1025&amp;ssl=1 1536w, https:\/\/i0.wp.com\/www.revue-exposition.com\/wp-content\/uploads\/2025\/04\/The-MoMA-Plant-Collection-2024_4-scaled.jpg?resize=2048%2C1367&amp;ssl=1 2048w, https:\/\/i0.wp.com\/www.revue-exposition.com\/wp-content\/uploads\/2025\/04\/The-MoMA-Plant-Collection-2024_4-scaled.jpg?resize=1200%2C801&amp;ssl=1 1200w, https:\/\/i0.wp.com\/www.revue-exposition.com\/wp-content\/uploads\/2025\/04\/The-MoMA-Plant-Collection-2024_4-scaled.jpg?w=1680&amp;ssl=1 1680w, https:\/\/i0.wp.com\/www.revue-exposition.com\/wp-content\/uploads\/2025\/04\/The-MoMA-Plant-Collection-2024_4-scaled.jpg?w=2520&amp;ssl=1 2520w\" sizes=\"auto, (max-width: 709px) 85vw, (max-width: 909px) 67vw, (max-width: 1362px) 62vw, 840px\" \/><figcaption id=\"caption-attachment-3123\" class=\"wp-caption-text\">Fig. 8 : Inge Meijer, The MoMA Plant Collection, Amsterdam, Roma Publications, 2024. \u00c0 la page 46, les expositions \u00ab\u00a0Sculpture and Painting by Peter Voulkos\u00a0\u00bb (1960) et \u00ab\u00a0New Talent in the Penthouse et Art Education for Every Child\u00a0\u00bb (1960). \u00c0 la page 47, des dessins de plantes des expositions \u00ab\u00a0Baden, Gaudnek, Rabkin: New Talent Exhibition\u00a0\u00bb (1960) et \u00ab\u00a0Drawings from the Museum Collection\u00a0\u00bb (1960-1961).<\/figcaption><\/figure>\n<p style=\"text-align: justify;\"><strong>R. M.<\/strong> : Dans ce dernier projet, <em>The MoMA Plant Collection<\/em>, pourquoi avoir int\u00e9gr\u00e9 le dessin de plantes\u00a0?<\/p>\n<p style=\"text-align: justify;\"><strong>I. M.<\/strong> : Au d\u00e9part, il s&rsquo;agissait d&rsquo;une solution pratique. J&rsquo;ai trouv\u00e9 environ 550 photos d&rsquo;exposition avec des plantes et je voulais les inclure dans ma publication. Mais les droits photographiques du MoMA sont repr\u00e9sent\u00e9s par Scala Archives, qui facture 50\u20ac par image pour une publication (d&rsquo;artiste). Cela devenait beaucoup trop cher et apr\u00e8s avoir longtemps essay\u00e9 de trouver d&rsquo;autres solutions, nous avons eu l&rsquo;id\u00e9e, avec le graphiste Roger Willems, de dessiner les plantes. Je n&rsquo;avais jamais inclus le dessin dans ma pratique, mais c&rsquo;est devenu une merveilleuse fa\u00e7on de me rapprocher de mon sujet. Pendant des heures et des heures, j&rsquo;ai dessin\u00e9 leurs feuilles, leurs branches et leurs troncs.<\/p>\n<p style=\"text-align: justify;\"><strong>R. M.<\/strong> : Le dessin transforme-t-il votre analyse de la photographie ? Que se passe-t-il dans ce va-et-vient ?<\/p>\n<p style=\"text-align: justify;\"><strong>I. M.<\/strong> : Dans certains cas oui, et cela m&rsquo;a rendue encore plus consciente de l&rsquo;approche architecturale de la photographie et de l&rsquo;id\u00e9e d&rsquo;espace. Je voulais conserver le sens de l&#8217;emplacement de la plante dans l&rsquo;espace sans dessiner plus que n\u00e9cessaire.<\/p>\n<p style=\"text-align: justify;\"><strong>R. M.<\/strong> : Quelles observations tirez-vous de ces deux exp\u00e9riences dans les archives de deux mus\u00e9es importants ? Y a-t-il des points de convergence ou des sp\u00e9cificit\u00e9s ?<\/p>\n<p style=\"text-align: justify;\"><strong>I. M.<\/strong> : Je tire de cette exp\u00e9rience la conclusion que chaque archive est structur\u00e9e diff\u00e9remment. Apr\u00e8s avoir travaill\u00e9 pendant des ann\u00e9es dans les archives du SMA, je me suis familiaris\u00e9e avec leur structure et il m&rsquo;a fallu un certain temps pour r\u00e9aliser que les archives du MoMA sont diff\u00e9rentes : dans ce qu&rsquo;ils ont r\u00e9ussi \u00e0 archiver de leur pass\u00e9 et dans ce qu&rsquo;ils consid\u00e8rent comme pr\u00e9cieux \u00e0 pr\u00e9server et \u00e0 garder en m\u00e9moire.<\/p>\n<p style=\"text-align: justify;\">Gr\u00e2ce \u00e0 cette recherche, j&rsquo;ai \u00e9galement pris conscience du r\u00f4le que jouent les mus\u00e9es dans la cr\u00e9ation de sens par le biais des \u0153uvres expos\u00e9es (et de la mani\u00e8re dont elles le sont), mais aussi par ce qu&rsquo;ils n&rsquo;ont pas expos\u00e9 ou qu&rsquo;ils ont \u00ab\u00a0oubli\u00e9\u00a0\u00bb d&rsquo;inclure dans leur histoire.\u00a0 Lorsqu&rsquo;il s&rsquo;agit de ces plantes, il est remarquable qu&rsquo;elles soient pr\u00e9sentes dans les expositions de ces institutions depuis si longtemps et qu&rsquo;elles ne soient pourtant pas reconnues au sein de ces institutions.<\/p>\n<figure id=\"attachment_3124\" aria-describedby=\"caption-attachment-3124\" style=\"width: 840px\" class=\"wp-caption alignnone\"><img data-recalc-dims=\"1\" loading=\"lazy\" decoding=\"async\" class=\"size-large wp-image-3124\" src=\"https:\/\/i0.wp.com\/www.revue-exposition.com\/wp-content\/uploads\/2025\/04\/The-MoMA-Plant-Collection-2024_5.jpg?resize=840%2C561&#038;ssl=1\" alt=\"\" width=\"840\" height=\"561\" srcset=\"https:\/\/i0.wp.com\/www.revue-exposition.com\/wp-content\/uploads\/2025\/04\/The-MoMA-Plant-Collection-2024_5-scaled.jpg?resize=1024%2C684&amp;ssl=1 1024w, https:\/\/i0.wp.com\/www.revue-exposition.com\/wp-content\/uploads\/2025\/04\/The-MoMA-Plant-Collection-2024_5-scaled.jpg?resize=300%2C200&amp;ssl=1 300w, https:\/\/i0.wp.com\/www.revue-exposition.com\/wp-content\/uploads\/2025\/04\/The-MoMA-Plant-Collection-2024_5-scaled.jpg?resize=768%2C513&amp;ssl=1 768w, https:\/\/i0.wp.com\/www.revue-exposition.com\/wp-content\/uploads\/2025\/04\/The-MoMA-Plant-Collection-2024_5-scaled.jpg?resize=1536%2C1025&amp;ssl=1 1536w, https:\/\/i0.wp.com\/www.revue-exposition.com\/wp-content\/uploads\/2025\/04\/The-MoMA-Plant-Collection-2024_5-scaled.jpg?resize=2048%2C1367&amp;ssl=1 2048w, https:\/\/i0.wp.com\/www.revue-exposition.com\/wp-content\/uploads\/2025\/04\/The-MoMA-Plant-Collection-2024_5-scaled.jpg?resize=1200%2C801&amp;ssl=1 1200w, https:\/\/i0.wp.com\/www.revue-exposition.com\/wp-content\/uploads\/2025\/04\/The-MoMA-Plant-Collection-2024_5-scaled.jpg?w=1680&amp;ssl=1 1680w, https:\/\/i0.wp.com\/www.revue-exposition.com\/wp-content\/uploads\/2025\/04\/The-MoMA-Plant-Collection-2024_5-scaled.jpg?w=2520&amp;ssl=1 2520w\" sizes=\"auto, (max-width: 709px) 85vw, (max-width: 909px) 67vw, (max-width: 1362px) 62vw, 840px\" \/><figcaption id=\"caption-attachment-3124\" class=\"wp-caption-text\">Fig. 9 : Inge Meijer, The MoMA Plant Collection, Amsterdam, Roma Publications, 2024. \u00c0 la page 22, l&rsquo;exposition \u00ab\u00a0The Museum Collection of Painting and Sculpture\u00a0\u00bb (1945-46) ; \u00e0 la page 23, dessins de plantes de l&rsquo;exposition \u00ab\u00a0The Photographs of Edward Weston\u00a0\u00bb (1946) et de l&rsquo;exposition \u00ab\u00a0The Photographs of Henri Cartier-Bresson\u00a0\u00bb (1947).<\/figcaption><\/figure>\n<figure id=\"attachment_3129\" aria-describedby=\"caption-attachment-3129\" style=\"width: 840px\" class=\"wp-caption alignnone\"><img data-recalc-dims=\"1\" loading=\"lazy\" decoding=\"async\" class=\"size-large wp-image-3129\" src=\"https:\/\/i0.wp.com\/www.revue-exposition.com\/wp-content\/uploads\/2025\/04\/The-Plant-Collection2019_5.jpg?resize=840%2C560&#038;ssl=1\" alt=\"\" width=\"840\" height=\"560\" srcset=\"https:\/\/i0.wp.com\/www.revue-exposition.com\/wp-content\/uploads\/2025\/04\/The-Plant-Collection2019_5-scaled.jpg?resize=1024%2C683&amp;ssl=1 1024w, https:\/\/i0.wp.com\/www.revue-exposition.com\/wp-content\/uploads\/2025\/04\/The-Plant-Collection2019_5-scaled.jpg?resize=300%2C200&amp;ssl=1 300w, https:\/\/i0.wp.com\/www.revue-exposition.com\/wp-content\/uploads\/2025\/04\/The-Plant-Collection2019_5-scaled.jpg?resize=768%2C513&amp;ssl=1 768w, https:\/\/i0.wp.com\/www.revue-exposition.com\/wp-content\/uploads\/2025\/04\/The-Plant-Collection2019_5-scaled.jpg?resize=1536%2C1025&amp;ssl=1 1536w, https:\/\/i0.wp.com\/www.revue-exposition.com\/wp-content\/uploads\/2025\/04\/The-Plant-Collection2019_5-scaled.jpg?resize=2048%2C1367&amp;ssl=1 2048w, https:\/\/i0.wp.com\/www.revue-exposition.com\/wp-content\/uploads\/2025\/04\/The-Plant-Collection2019_5-scaled.jpg?resize=1200%2C801&amp;ssl=1 1200w, https:\/\/i0.wp.com\/www.revue-exposition.com\/wp-content\/uploads\/2025\/04\/The-Plant-Collection2019_5-scaled.jpg?w=1680&amp;ssl=1 1680w, https:\/\/i0.wp.com\/www.revue-exposition.com\/wp-content\/uploads\/2025\/04\/The-Plant-Collection2019_5-scaled.jpg?w=2520&amp;ssl=1 2520w\" sizes=\"auto, (max-width: 709px) 85vw, (max-width: 909px) 67vw, (max-width: 1362px) 62vw, 840px\" \/><figcaption id=\"caption-attachment-3129\" class=\"wp-caption-text\">Fig. 10 : Inge Meijer, The Plant Collection, Amsterdam, Roma Publications, 2019. Aux pages 62 et 63, l&rsquo;exposition \u00ab\u00a0Niki de Saint Phalle\u00a0\u00bb (1967) avec de grandes plantes au Stedeljk Museum.<\/figcaption><\/figure>\n<p>&nbsp;<\/p>\n<p style=\"text-align: justify;\"><strong>Notes<\/strong><\/p>\n<p style=\"text-align: justify;\"><a href=\"#_ftnref1\" name=\"_ftn1\">[1]<\/a> Voir l\u2019introduction \u00e0 ce pr\u00e9sent num\u00e9ro d\u2019<em>exPosition<\/em>.<\/p>\n<p style=\"text-align: justify;\"><a href=\"#_ftnref2\" name=\"_ftn2\">[2]<\/a> La Rijksakademie propose un programme de r\u00e9sidence internationale de deux ans \u00e0 une cinquantaine d&rsquo;artistes.<\/p>\n<p style=\"text-align: justify;\"><a href=\"#_ftnref3\" name=\"_ftn3\">[3]<\/a> Willem Sandberg, lettre d&rsquo;adieu au gardien des plantes du Stedelijk Museum, H. J. van der Ham, publi\u00e9e dans le journal du personnel <em>Het Kals van Potter<\/em>, 1973.<\/p>\n<p style=\"text-align: justify;\"><a href=\"#_ftnref4\" name=\"_ftn4\">[4]<\/a> Archives du Museum of Modern Art, New York, collection Exhibitions nr. 727.9.<\/p>\n<p style=\"text-align: justify;\"><div class=\"wpcp\">Pour citer cet article : Inge Meijer, \"\u00c0 propos des ouvrages d&rsquo;Inge Meijer <em>The Plant Collection<\/em> (Roma publications, Amsterdam, 2019) et <em>The MoMA Plant Collection<\/em> (Roma publications, Amsterdam, 2024)\", <em>exPosition<\/em>, 2 juin 2025, <a href=\"https:\/\/www.revue-exposition.com\/index.php\/articles10\/meijer-plant-collection-2019-2024\/%20\">https:\/\/www.revue-exposition.com\/index.php\/articles10\/meijer-plant-collection-2019-2024\/%20<\/a>. Consult\u00e9 le 30 avril 2026.<\/div><\/p>\n","protected":false},"excerpt":{"rendered":"<p>entretien avec Inge Meijer, men\u00e9 par Roula Matar &nbsp; &#8212; Inge Meijer est artiste. Elle a obtenu un BA en arts visuels \u00e0 l&rsquo;Academy of Art &amp; Design (Arnhem, Pays-Bas) en 2012 et a effectu\u00e9 une r\u00e9sidence d&rsquo;artiste de deux ans \u00e0 la Rijksakademie van Beeldende Kunsten (Amsterdam, Pays-Bas) en 2017. Elle a fait partie &hellip; <a href=\"https:\/\/www.revue-exposition.com\/index.php\/articles10\/meijer-plant-collection-2019-2024\/%20\" class=\"more-link\">Continuer la lecture<span class=\"screen-reader-text\"> de &laquo;&nbsp;\u00c0 propos des ouvrages d&rsquo;Inge Meijer <em>The Plant Collection<\/em> (Roma publications, Amsterdam, 2019) et <em>The MoMA Plant Collection<\/em> (Roma publications, Amsterdam, 2024)&nbsp;&raquo;<\/span><\/a><\/p>\n","protected":false},"author":70,"featured_media":0,"comment_status":"open","ping_status":"open","sticky":false,"template":"","format":"standard","meta":{"jetpack_post_was_ever_published":false,"_jetpack_newsletter_access":"","_jetpack_dont_email_post_to_subs":false,"_jetpack_newsletter_tier_id":0,"_jetpack_memberships_contains_paywalled_content":false,"_jetpack_memberships_contains_paid_content":false,"footnotes":"","jetpack_publicize_message":"","jetpack_publicize_feature_enabled":true,"jetpack_social_post_already_shared":true,"jetpack_social_options":{"image_generator_settings":{"template":"highway","default_image_id":0,"font":"","enabled":false},"version":2}},"categories":[448],"tags":[33,439,438,43,354,436,437],"class_list":["post-3137","post","type-post","status-publish","format-standard","hentry","category-articles10","tag-exposition","tag-inge-meijer","tag-moma","tag-musee","tag-photographie","tag-plantes","tag-stedelijk-museum"],"yoast_head":"<!-- This site is optimized with the Yoast SEO plugin v27.0 - https:\/\/yoast.com\/product\/yoast-seo-wordpress\/ -->\n<title>\u00c0 propos des ouvrages d&#039;Inge Meijer The Plant Collection (Roma publications, Amsterdam, 2019) et The MoMA Plant Collection (Roma publications, Amsterdam, 2024) - exPosition<\/title>\n<meta name=\"description\" content=\"Entretien avec Inge Meijer par Roula Matar. Il y a plusieurs ann\u00e9es, j&#039;ai particip\u00e9 \u00e0 une visite du Stedelijk Museum Amsterdam (SMA)...\" \/>\n<meta name=\"robots\" content=\"index, follow, max-snippet:-1, max-image-preview:large, max-video-preview:-1\" \/>\n<link rel=\"canonical\" href=\"https:\/\/www.revue-exposition.com\/index.php\/articles10\/meijer-plant-collection-2019-2024\/%20\" \/>\n<meta property=\"og:locale\" content=\"fr_FR\" \/>\n<meta property=\"og:type\" content=\"article\" \/>\n<meta property=\"og:title\" content=\"\u00c0 propos des ouvrages d&#039;Inge Meijer The Plant Collection (Roma publications, Amsterdam, 2019) et The MoMA Plant Collection (Roma publications, Amsterdam, 2024) - exPosition\" \/>\n<meta property=\"og:description\" content=\"Entretien avec Inge Meijer par Roula Matar. Il y a plusieurs ann\u00e9es, j&#039;ai particip\u00e9 \u00e0 une visite du Stedelijk Museum Amsterdam (SMA)...\" \/>\n<meta property=\"og:url\" content=\"https:\/\/www.revue-exposition.com\/index.php\/articles10\/meijer-plant-collection-2019-2024\/ \" \/>\n<meta property=\"og:site_name\" content=\"exPosition\" \/>\n<meta property=\"article:published_time\" content=\"2025-06-02T12:00:28+00:00\" \/>\n<meta property=\"article:modified_time\" content=\"2025-06-02T16:22:35+00:00\" \/>\n<meta property=\"og:image\" content=\"https:\/\/www.revue-exposition.com\/wp-content\/uploads\/2016\/06\/cropped-logo-rond-noir.jpg\" \/>\n\t<meta property=\"og:image:width\" content=\"512\" \/>\n\t<meta property=\"og:image:height\" content=\"512\" \/>\n\t<meta property=\"og:image:type\" content=\"image\/jpeg\" \/>\n<meta name=\"author\" content=\"Inge Meijer\" \/>\n<meta name=\"twitter:card\" content=\"summary_large_image\" \/>\n<meta name=\"twitter:label1\" content=\"\u00c9crit par\" \/>\n\t<meta name=\"twitter:data1\" content=\"Inge Meijer\" \/>\n\t<meta name=\"twitter:label2\" content=\"Dur\u00e9e de lecture estim\u00e9e\" \/>\n\t<meta name=\"twitter:data2\" content=\"15 minutes\" \/>\n<script type=\"application\/ld+json\" class=\"yoast-schema-graph\">{\"@context\":\"https:\/\/schema.org\",\"@graph\":[{\"@type\":\"Article\",\"@id\":\"https:\/\/www.revue-exposition.com\/index.php\/articles10\/meijer-plant-collection-2019-2024\/%20#article\",\"isPartOf\":{\"@id\":\"https:\/\/www.revue-exposition.com\/index.php\/articles10\/meijer-plant-collection-2019-2024\/%20\"},\"author\":{\"name\":\"Inge Meijer\",\"@id\":\"https:\/\/www.revue-exposition.com\/#\/schema\/person\/704430850f7ccb6b2e52a94145eb94b6\"},\"headline\":\"\u00c0 propos des ouvrages d&rsquo;Inge Meijer The Plant Collection (Roma publications, Amsterdam, 2019) et The MoMA Plant Collection (Roma publications, Amsterdam, 2024)\",\"datePublished\":\"2025-06-02T12:00:28+00:00\",\"dateModified\":\"2025-06-02T16:22:35+00:00\",\"mainEntityOfPage\":{\"@id\":\"https:\/\/www.revue-exposition.com\/index.php\/articles10\/meijer-plant-collection-2019-2024\/%20\"},\"wordCount\":2642,\"commentCount\":0,\"publisher\":{\"@id\":\"https:\/\/www.revue-exposition.com\/#organization\"},\"image\":{\"@id\":\"https:\/\/www.revue-exposition.com\/index.php\/articles10\/meijer-plant-collection-2019-2024\/%20#primaryimage\"},\"thumbnailUrl\":\"https:\/\/www.revue-exposition.com\/wp-content\/uploads\/2025\/04\/The-Plant-Collection2019_1-1024x683.jpg\",\"keywords\":[\"exposition\",\"Inge Meijer\",\"MoMA\",\"mus\u00e9e\",\"photographie\",\"plantes\",\"Stedelijk Museum\"],\"articleSection\":[\"N\u00b0 10\/2025\"],\"inLanguage\":\"fr-FR\",\"potentialAction\":[{\"@type\":\"CommentAction\",\"name\":\"Comment\",\"target\":[\"https:\/\/www.revue-exposition.com\/index.php\/articles10\/meijer-plant-collection-2019-2024\/%20#respond\"]}]},{\"@type\":\"WebPage\",\"@id\":\"https:\/\/www.revue-exposition.com\/index.php\/articles10\/meijer-plant-collection-2019-2024\/%20\",\"url\":\"https:\/\/www.revue-exposition.com\/index.php\/articles10\/meijer-plant-collection-2019-2024\/%20\",\"name\":\"\u00c0 propos des ouvrages d'Inge Meijer The Plant Collection (Roma publications, Amsterdam, 2019) et The MoMA Plant Collection (Roma publications, Amsterdam, 2024) - exPosition\",\"isPartOf\":{\"@id\":\"https:\/\/www.revue-exposition.com\/#website\"},\"primaryImageOfPage\":{\"@id\":\"https:\/\/www.revue-exposition.com\/index.php\/articles10\/meijer-plant-collection-2019-2024\/%20#primaryimage\"},\"image\":{\"@id\":\"https:\/\/www.revue-exposition.com\/index.php\/articles10\/meijer-plant-collection-2019-2024\/%20#primaryimage\"},\"thumbnailUrl\":\"https:\/\/www.revue-exposition.com\/wp-content\/uploads\/2025\/04\/The-Plant-Collection2019_1-1024x683.jpg\",\"datePublished\":\"2025-06-02T12:00:28+00:00\",\"dateModified\":\"2025-06-02T16:22:35+00:00\",\"description\":\"Entretien avec Inge Meijer par Roula Matar. Il y a plusieurs ann\u00e9es, j'ai particip\u00e9 \u00e0 une visite du Stedelijk Museum Amsterdam (SMA)...\",\"breadcrumb\":{\"@id\":\"https:\/\/www.revue-exposition.com\/index.php\/articles10\/meijer-plant-collection-2019-2024\/%20#breadcrumb\"},\"inLanguage\":\"fr-FR\",\"potentialAction\":[{\"@type\":\"ReadAction\",\"target\":[\"https:\/\/www.revue-exposition.com\/index.php\/articles10\/meijer-plant-collection-2019-2024\/%20\"]}]},{\"@type\":\"ImageObject\",\"inLanguage\":\"fr-FR\",\"@id\":\"https:\/\/www.revue-exposition.com\/index.php\/articles10\/meijer-plant-collection-2019-2024\/%20#primaryimage\",\"url\":\"https:\/\/i0.wp.com\/www.revue-exposition.com\/wp-content\/uploads\/2025\/04\/The-Plant-Collection2019_1-scaled.jpg?fit=2560%2C1707&ssl=1\",\"contentUrl\":\"https:\/\/i0.wp.com\/www.revue-exposition.com\/wp-content\/uploads\/2025\/04\/The-Plant-Collection2019_1-scaled.jpg?fit=2560%2C1707&ssl=1\",\"width\":2560,\"height\":1707,\"caption\":\"Fig. 1 : : Meijer I., The Plant Collection, Amsterdam, Roma Publications, 2019. Couverture de l\u2019ouvrage avec un gros plan de l'exposition Ben Shahn (1962) au Stedelijk Museum.\"},{\"@type\":\"BreadcrumbList\",\"@id\":\"https:\/\/www.revue-exposition.com\/index.php\/articles10\/meijer-plant-collection-2019-2024\/%20#breadcrumb\",\"itemListElement\":[{\"@type\":\"ListItem\",\"position\":1,\"name\":\"Accueil\",\"item\":\"https:\/\/www.revue-exposition.com\/\"},{\"@type\":\"ListItem\",\"position\":2,\"name\":\"N\u00b0 10\/2025\",\"item\":\"https:\/\/www.revue-exposition.com\/index.php\/category\/articles10\"},{\"@type\":\"ListItem\",\"position\":3,\"name\":\"\u00c0 propos des ouvrages d&rsquo;Inge Meijer The Plant Collection (Roma publications, Amsterdam, 2019) et The MoMA Plant Collection (Roma publications, Amsterdam, 2024)\"}]},{\"@type\":\"WebSite\",\"@id\":\"https:\/\/www.revue-exposition.com\/#website\",\"url\":\"https:\/\/www.revue-exposition.com\/\",\"name\":\"exPosition\",\"description\":\"Revue d&#039;analyse des enjeux propres \u00e0 l&#039;exposition des \u0153uvres et objets d&#039;art\",\"publisher\":{\"@id\":\"https:\/\/www.revue-exposition.com\/#organization\"},\"potentialAction\":[{\"@type\":\"SearchAction\",\"target\":{\"@type\":\"EntryPoint\",\"urlTemplate\":\"https:\/\/www.revue-exposition.com\/?s={search_term_string}\"},\"query-input\":{\"@type\":\"PropertyValueSpecification\",\"valueRequired\":true,\"valueName\":\"search_term_string\"}}],\"inLanguage\":\"fr-FR\"},{\"@type\":\"Organization\",\"@id\":\"https:\/\/www.revue-exposition.com\/#organization\",\"name\":\"exPosition\",\"url\":\"https:\/\/www.revue-exposition.com\/\",\"logo\":{\"@type\":\"ImageObject\",\"inLanguage\":\"fr-FR\",\"@id\":\"https:\/\/www.revue-exposition.com\/#\/schema\/logo\/image\/\",\"url\":\"https:\/\/i2.wp.com\/www.revue-exposition.com\/wp-content\/uploads\/2016\/06\/cropped-logo-rond-noir.jpg?fit=512%2C512\",\"contentUrl\":\"https:\/\/i2.wp.com\/www.revue-exposition.com\/wp-content\/uploads\/2016\/06\/cropped-logo-rond-noir.jpg?fit=512%2C512\",\"width\":512,\"height\":512,\"caption\":\"exPosition\"},\"image\":{\"@id\":\"https:\/\/www.revue-exposition.com\/#\/schema\/logo\/image\/\"}},{\"@type\":\"Person\",\"@id\":\"https:\/\/www.revue-exposition.com\/#\/schema\/person\/704430850f7ccb6b2e52a94145eb94b6\",\"name\":\"Inge Meijer\",\"url\":\"https:\/\/www.revue-exposition.com\/index.php\/author\/roula-matar-et-inge-meijer\"}]}<\/script>\n<!-- \/ Yoast SEO plugin. -->","yoast_head_json":{"title":"\u00c0 propos des ouvrages d'Inge Meijer The Plant Collection (Roma publications, Amsterdam, 2019) et The MoMA Plant Collection (Roma publications, Amsterdam, 2024) - exPosition","description":"Entretien avec Inge Meijer par Roula Matar. Il y a plusieurs ann\u00e9es, j'ai particip\u00e9 \u00e0 une visite du Stedelijk Museum Amsterdam (SMA)...","robots":{"index":"index","follow":"follow","max-snippet":"max-snippet:-1","max-image-preview":"max-image-preview:large","max-video-preview":"max-video-preview:-1"},"canonical":"https:\/\/www.revue-exposition.com\/index.php\/articles10\/meijer-plant-collection-2019-2024\/ ","og_locale":"fr_FR","og_type":"article","og_title":"\u00c0 propos des ouvrages d'Inge Meijer The Plant Collection (Roma publications, Amsterdam, 2019) et The MoMA Plant Collection (Roma publications, Amsterdam, 2024) - exPosition","og_description":"Entretien avec Inge Meijer par Roula Matar. Il y a plusieurs ann\u00e9es, j'ai particip\u00e9 \u00e0 une visite du Stedelijk Museum Amsterdam (SMA)...","og_url":"https:\/\/www.revue-exposition.com\/index.php\/articles10\/meijer-plant-collection-2019-2024\/ ","og_site_name":"exPosition","article_published_time":"2025-06-02T12:00:28+00:00","article_modified_time":"2025-06-02T16:22:35+00:00","og_image":[{"width":512,"height":512,"url":"https:\/\/www.revue-exposition.com\/wp-content\/uploads\/2016\/06\/cropped-logo-rond-noir.jpg","type":"image\/jpeg"}],"author":"Inge Meijer","twitter_card":"summary_large_image","twitter_misc":{"\u00c9crit par":"Inge Meijer","Dur\u00e9e de lecture estim\u00e9e":"15 minutes"},"schema":{"@context":"https:\/\/schema.org","@graph":[{"@type":"Article","@id":"https:\/\/www.revue-exposition.com\/index.php\/articles10\/meijer-plant-collection-2019-2024\/%20#article","isPartOf":{"@id":"https:\/\/www.revue-exposition.com\/index.php\/articles10\/meijer-plant-collection-2019-2024\/%20"},"author":{"name":"Inge Meijer","@id":"https:\/\/www.revue-exposition.com\/#\/schema\/person\/704430850f7ccb6b2e52a94145eb94b6"},"headline":"\u00c0 propos des ouvrages d&rsquo;Inge Meijer The Plant Collection (Roma publications, Amsterdam, 2019) et The MoMA Plant Collection (Roma publications, Amsterdam, 2024)","datePublished":"2025-06-02T12:00:28+00:00","dateModified":"2025-06-02T16:22:35+00:00","mainEntityOfPage":{"@id":"https:\/\/www.revue-exposition.com\/index.php\/articles10\/meijer-plant-collection-2019-2024\/%20"},"wordCount":2642,"commentCount":0,"publisher":{"@id":"https:\/\/www.revue-exposition.com\/#organization"},"image":{"@id":"https:\/\/www.revue-exposition.com\/index.php\/articles10\/meijer-plant-collection-2019-2024\/%20#primaryimage"},"thumbnailUrl":"https:\/\/www.revue-exposition.com\/wp-content\/uploads\/2025\/04\/The-Plant-Collection2019_1-1024x683.jpg","keywords":["exposition","Inge Meijer","MoMA","mus\u00e9e","photographie","plantes","Stedelijk Museum"],"articleSection":["N\u00b0 10\/2025"],"inLanguage":"fr-FR","potentialAction":[{"@type":"CommentAction","name":"Comment","target":["https:\/\/www.revue-exposition.com\/index.php\/articles10\/meijer-plant-collection-2019-2024\/%20#respond"]}]},{"@type":"WebPage","@id":"https:\/\/www.revue-exposition.com\/index.php\/articles10\/meijer-plant-collection-2019-2024\/%20","url":"https:\/\/www.revue-exposition.com\/index.php\/articles10\/meijer-plant-collection-2019-2024\/%20","name":"\u00c0 propos des ouvrages d'Inge Meijer The Plant Collection (Roma publications, Amsterdam, 2019) et The MoMA Plant Collection (Roma publications, Amsterdam, 2024) - exPosition","isPartOf":{"@id":"https:\/\/www.revue-exposition.com\/#website"},"primaryImageOfPage":{"@id":"https:\/\/www.revue-exposition.com\/index.php\/articles10\/meijer-plant-collection-2019-2024\/%20#primaryimage"},"image":{"@id":"https:\/\/www.revue-exposition.com\/index.php\/articles10\/meijer-plant-collection-2019-2024\/%20#primaryimage"},"thumbnailUrl":"https:\/\/www.revue-exposition.com\/wp-content\/uploads\/2025\/04\/The-Plant-Collection2019_1-1024x683.jpg","datePublished":"2025-06-02T12:00:28+00:00","dateModified":"2025-06-02T16:22:35+00:00","description":"Entretien avec Inge Meijer par Roula Matar. Il y a plusieurs ann\u00e9es, j'ai particip\u00e9 \u00e0 une visite du Stedelijk Museum Amsterdam (SMA)...","breadcrumb":{"@id":"https:\/\/www.revue-exposition.com\/index.php\/articles10\/meijer-plant-collection-2019-2024\/%20#breadcrumb"},"inLanguage":"fr-FR","potentialAction":[{"@type":"ReadAction","target":["https:\/\/www.revue-exposition.com\/index.php\/articles10\/meijer-plant-collection-2019-2024\/%20"]}]},{"@type":"ImageObject","inLanguage":"fr-FR","@id":"https:\/\/www.revue-exposition.com\/index.php\/articles10\/meijer-plant-collection-2019-2024\/%20#primaryimage","url":"https:\/\/i0.wp.com\/www.revue-exposition.com\/wp-content\/uploads\/2025\/04\/The-Plant-Collection2019_1-scaled.jpg?fit=2560%2C1707&ssl=1","contentUrl":"https:\/\/i0.wp.com\/www.revue-exposition.com\/wp-content\/uploads\/2025\/04\/The-Plant-Collection2019_1-scaled.jpg?fit=2560%2C1707&ssl=1","width":2560,"height":1707,"caption":"Fig. 1 : : Meijer I., The Plant Collection, Amsterdam, Roma Publications, 2019. Couverture de l\u2019ouvrage avec un gros plan de l'exposition Ben Shahn (1962) au Stedelijk Museum."},{"@type":"BreadcrumbList","@id":"https:\/\/www.revue-exposition.com\/index.php\/articles10\/meijer-plant-collection-2019-2024\/%20#breadcrumb","itemListElement":[{"@type":"ListItem","position":1,"name":"Accueil","item":"https:\/\/www.revue-exposition.com\/"},{"@type":"ListItem","position":2,"name":"N\u00b0 10\/2025","item":"https:\/\/www.revue-exposition.com\/index.php\/category\/articles10"},{"@type":"ListItem","position":3,"name":"\u00c0 propos des ouvrages d&rsquo;Inge Meijer The Plant Collection (Roma publications, Amsterdam, 2019) et The MoMA Plant Collection (Roma publications, Amsterdam, 2024)"}]},{"@type":"WebSite","@id":"https:\/\/www.revue-exposition.com\/#website","url":"https:\/\/www.revue-exposition.com\/","name":"exPosition","description":"Revue d&#039;analyse des enjeux propres \u00e0 l&#039;exposition des \u0153uvres et objets d&#039;art","publisher":{"@id":"https:\/\/www.revue-exposition.com\/#organization"},"potentialAction":[{"@type":"SearchAction","target":{"@type":"EntryPoint","urlTemplate":"https:\/\/www.revue-exposition.com\/?s={search_term_string}"},"query-input":{"@type":"PropertyValueSpecification","valueRequired":true,"valueName":"search_term_string"}}],"inLanguage":"fr-FR"},{"@type":"Organization","@id":"https:\/\/www.revue-exposition.com\/#organization","name":"exPosition","url":"https:\/\/www.revue-exposition.com\/","logo":{"@type":"ImageObject","inLanguage":"fr-FR","@id":"https:\/\/www.revue-exposition.com\/#\/schema\/logo\/image\/","url":"https:\/\/i2.wp.com\/www.revue-exposition.com\/wp-content\/uploads\/2016\/06\/cropped-logo-rond-noir.jpg?fit=512%2C512","contentUrl":"https:\/\/i2.wp.com\/www.revue-exposition.com\/wp-content\/uploads\/2016\/06\/cropped-logo-rond-noir.jpg?fit=512%2C512","width":512,"height":512,"caption":"exPosition"},"image":{"@id":"https:\/\/www.revue-exposition.com\/#\/schema\/logo\/image\/"}},{"@type":"Person","@id":"https:\/\/www.revue-exposition.com\/#\/schema\/person\/704430850f7ccb6b2e52a94145eb94b6","name":"Inge Meijer","url":"https:\/\/www.revue-exposition.com\/index.php\/author\/roula-matar-et-inge-meijer"}]}},"jetpack_publicize_connections":[],"jetpack_featured_media_url":"","jetpack_sharing_enabled":true,"jetpack_shortlink":"https:\/\/wp.me\/p7FaMB-OB","_links":{"self":[{"href":"https:\/\/www.revue-exposition.com\/index.php\/wp-json\/wp\/v2\/posts\/3137","targetHints":{"allow":["GET"]}}],"collection":[{"href":"https:\/\/www.revue-exposition.com\/index.php\/wp-json\/wp\/v2\/posts"}],"about":[{"href":"https:\/\/www.revue-exposition.com\/index.php\/wp-json\/wp\/v2\/types\/post"}],"author":[{"embeddable":true,"href":"https:\/\/www.revue-exposition.com\/index.php\/wp-json\/wp\/v2\/users\/70"}],"replies":[{"embeddable":true,"href":"https:\/\/www.revue-exposition.com\/index.php\/wp-json\/wp\/v2\/comments?post=3137"}],"version-history":[{"count":22,"href":"https:\/\/www.revue-exposition.com\/index.php\/wp-json\/wp\/v2\/posts\/3137\/revisions"}],"predecessor-version":[{"id":3320,"href":"https:\/\/www.revue-exposition.com\/index.php\/wp-json\/wp\/v2\/posts\/3137\/revisions\/3320"}],"wp:attachment":[{"href":"https:\/\/www.revue-exposition.com\/index.php\/wp-json\/wp\/v2\/media?parent=3137"}],"wp:term":[{"taxonomy":"category","embeddable":true,"href":"https:\/\/www.revue-exposition.com\/index.php\/wp-json\/wp\/v2\/categories?post=3137"},{"taxonomy":"post_tag","embeddable":true,"href":"https:\/\/www.revue-exposition.com\/index.php\/wp-json\/wp\/v2\/tags?post=3137"}],"curies":[{"name":"wp","href":"https:\/\/api.w.org\/{rel}","templated":true}]}}