{"id":763,"date":"2016-06-21T16:30:45","date_gmt":"2016-06-21T15:30:45","guid":{"rendered":"http:\/\/www.revue-exposition.com\/?p=763"},"modified":"2016-07-02T14:10:20","modified_gmt":"2016-07-02T13:10:20","slug":"demarthe-reflexions-monstration-collections-patrimoniales","status":"publish","type":"post","link":"https:\/\/www.revue-exposition.com\/index.php\/articles\/demarthe-reflexions-monstration-collections-patrimoniales\/%20","title":{"rendered":"Quelques r\u00e9flexions sur la revue <em>exPosition<\/em> et la monstration des collections patrimoniales"},"content":{"rendered":"<h3 style=\"text-align: justify;\">par Sylvain Demarthe<\/h3>\n<p>&nbsp;<\/p>\n<p style=\"text-align: justify;\"><em>&#8212; <strong>Sylvain Demarthe<\/strong> est docteur en histoire de l&rsquo;art m\u00e9di\u00e9val, chercheur associ\u00e9 de l&rsquo;UMR ARTeHIS \u2013 Universit\u00e9 de Bourgogne (Dijon). Ses travaux portent notamment sur l\u2019architecture et le d\u00e9cor sculpt\u00e9 des \u00e9difices religieux au d\u00e9but du XIII<sup>e<\/sup> si\u00e8cle (transition entre les \u00e2ges romans et l\u2019architecture gothique). Dans ce cadre, il \u00e9tudie \u00e9galement la sph\u00e8re cistercienne et s\u2019int\u00e9resse au d\u00e9p\u00f4t lapidaire de l\u2019abbaye de C\u00eeteaux (C\u00f4te-d\u2019Or). Il est r\u00e9dacteur en chef de la revue<\/em> exPosition.<em> &#8212;<\/em><\/p>\n<p>&nbsp;<\/p>\n<p style=\"text-align: justify;\">La revue <em>exPosition<\/em> interroge les enjeux de la monstration des \u0153uvres et objets d\u2019art au sens large et n\u2019implique aucune restriction d\u2019ordre typologique, g\u00e9ographique ou chronologique. \u00c0 ce titre, les observations relatives \u00e0 la mise en exposition des arts dits anciens, qu\u2019ils soient occidentaux ou orientaux, antiques, m\u00e9di\u00e9vaux ou d\u2019\u00c9poque Moderne etc., peuvent y trouver un espace de formulation privil\u00e9gi\u00e9. Sans \u00eatre sp\u00e9cialiste des questions mus\u00e9ologiques \u2013 la revue \u00e9tant pluridisciplinaire et ouverte \u00e0 tous les sp\u00e9cialistes travaillant r\u00e9guli\u00e8rement sur, pour et\/ou avec l\u2019exposition \u2013, il me para\u00eet toutefois int\u00e9ressant de jeter quelques pistes de r\u00e9flexions concernant l\u2019apport de la revue dans ce cadre.<\/p>\n<p style=\"text-align: justify;\">Il convient d\u2019embl\u00e9e de s\u2019interroger sur la nature m\u00eame des \u0153uvres concern\u00e9es qui forment aujourd\u2019hui un vaste et riche h\u00e9ritage patrimonial, auquel tout un chacun est susceptible d\u2019\u00eatre confront\u00e9. Ce legs historique, dont l\u2019importance culturelle n\u2019est plus \u00e0 d\u00e9montrer, peut n\u00e9anmoins engendrer nombre d\u2019obstacles, tant sur le plan de sa valorisation que de sa r\u00e9ception. Les collections patrimoniales impliquent, tout d\u2019abord, une notion intrins\u00e8que de distance qui, due \u00e0 leur ant\u00e9riorit\u00e9 chronologique et aux n\u00e9cessit\u00e9s actuelles de leur conservation, peut de fait entra\u00eener l\u2019id\u00e9e d\u2019un statisme quelque peu poussi\u00e9reux. En outre, leur d\u00e9contextualisation, incluant dans bien des cas la perte de leur sens initial, ne favorise gu\u00e8re une compr\u00e9hension imm\u00e9diate. \u00c0 cela s\u2019ajoute, enfin, une infinie vari\u00e9t\u00e9 de crit\u00e8res appr\u00e9ciatifs plus ou moins subjectifs \u2013 le ou les th\u00e8mes trait\u00e9s, les mat\u00e9riaux, la facture, la pr\u00e9sence ou non de polychromie, la renomm\u00e9e, un nom d\u2019artiste etc. \u2013 qui pourvoient \u00e0 l\u2019appr\u00e9hension et \u00e0 la compr\u00e9hension de telles \u0153uvres.<\/p>\n<p style=\"text-align: justify;\">Tout le travail de la mise en exposition r\u00e9side ainsi dans une transmission intelligible et accessible au plus grand nombre, de l\u2019amateur int\u00e9ress\u00e9 \u00e0 l\u2019expert pointilleux. Celle-ci s\u2019appuie sur la connaissance approfondie d\u2019une collection particuli\u00e8re, depuis le contexte historique et socio-artistique de production des \u0153uvres qui la composent, jusqu\u2019\u00e0 celui de sa constitution. Ce socle fondamental ouvre ensuite la voie \u00e0 un processus mus\u00e9ologique, par le biais duquel, comme le mentionnent les universitaires qu\u00e9b\u00e9cois Marie-Jos\u00e9 des Rivi\u00e8res, Nathalie Roxbourgh et Denis Saint-Jacques, \u00ab\u00a0la sc\u00e9narisation, l\u2019architecture et la th\u00e9\u00e2tralisation de l\u2019espace visent \u00e0 [\u2026] faire vivre une exp\u00e9rience int\u00e9grant le visiteur au sujet mis en r\u00e9cit<a href=\"#_ftn1\" name=\"_ftnref1\">[1]<\/a>\u00a0\u00bb et que la revue <em>exPosition<\/em> souhaite analyser et commenter de fa\u00e7on rigoureuse. Il importe donc de questionner les modalit\u00e9s de la monstration \u2013 le lieu, les outils de m\u00e9diation, les proc\u00e9d\u00e9s de pr\u00e9sentation etc. \u2013 et d\u2019en d\u00e9finir les pertinences\u00a0: d\u2019abord, \u00e0 l\u2019\u00e9gard de la collection elle-m\u00eame qui, \u00e0 l\u2019inverse d\u2019une simple \u00ab\u00a0collecte\u00a0\u00bb d\u2019objets juxtapos\u00e9s les uns aux autres, doit constituer un ensemble coh\u00e9rent et attrayant\u00a0; ensuite, vis-\u00e0-vis d\u2019un public qui, pourvu de cl\u00e9s de lecture ad\u00e9quates, peut instaurer un dialogue visuel et intellectuel avec les \u0153uvres. En d\u2019autres termes, il s\u2019agit de jauger l\u2019ambition d\u2019une telle entreprise et de mettre en exergue ses capacit\u00e9s \u00e0 \u00ab\u00a0faire surgir le sens<a href=\"#_ftn2\" name=\"_ftnref2\">[2]<\/a>\u00a0\u00bb d\u2019une collection.<\/p>\n<p style=\"text-align: justify;\">Dans ce contexte, la t\u00e2che qui incombe \u00e0 la revue <em>exPosition<\/em> s\u2019av\u00e8re multiple\u00a0: elle est \u00e0 l\u2019image de la mati\u00e8re trait\u00e9e, ainsi que des points de vue de ses collaborateurs qui, constamment confront\u00e9s \u00e0 l\u2019art dans leurs disciplines respectives, l\u2019alimentent \u00e0 la fois de constatations objectives et d\u2019opinions personnelles. Il faut aussi noter que cette publication poss\u00e8de d\u2019ores et d\u00e9j\u00e0 une fonction conservatoire\u00a0primordiale : elle compile la m\u00e9moire de nombreuses expositions, qu\u2019elles soient temporaires et, par d\u00e9finition, p\u00e9rissables, ou bien permanentes, mais non pour autant immuables. Ainsi, qui s\u2019int\u00e9resse \u00e0 la question pourra potentiellement y trouver, \u00e0 l\u2019avenir, un fonds d\u2019archives \u00e0 exploiter.<\/p>\n<p>&nbsp;<\/p>\n<p style=\"text-align: justify;\"><strong>Notes<\/strong><\/p>\n<p style=\"text-align: justify;\"><a href=\"#_ftnref1\" name=\"_ftn1\">[1]<\/a> Rivi\u00e8res M.-J. (des), Roxbourgh N., Saint-Jacques D., \u00ab\u00a0L\u2019exposition mus\u00e9ale au vingti\u00e8me si\u00e8cle. De la taxinomie au sc\u00e9nario\u00a0\u00bb, <em>Communication<\/em>, 21\/2, 2002, \u00a7 16, en ligne\u00a0: <a href=\"https:\/\/communication.revues.org\/5674\">https:\/\/communication.revues.org\/5674<\/a> (consult\u00e9 en juin 2016).<\/p>\n<p style=\"text-align: justify;\"><a href=\"#_ftnref2\" name=\"_ftn2\">[2]<\/a> <em>Ibid.<\/em>, \u00a7 9.<\/p>\n<p>&nbsp;<br \/>\n<div class=\"wpcp\">Pour citer cet article : Sylvain Demarthe, \"Quelques r\u00e9flexions sur la revue <em>exPosition<\/em> et la monstration des collections patrimoniales\", <em>exPosition<\/em>, 21 juin 2016, <a href=\"https:\/\/www.revue-exposition.com\/index.php\/articles\/demarthe-reflexions-monstration-collections-patrimoniales\/%20\">https:\/\/www.revue-exposition.com\/index.php\/articles\/demarthe-reflexions-monstration-collections-patrimoniales\/%20<\/a>. Consult\u00e9 le 30 avril 2026.<\/div><\/p>\n","protected":false},"excerpt":{"rendered":"<p>par Sylvain Demarthe &nbsp; &#8212; Sylvain Demarthe est docteur en histoire de l&rsquo;art m\u00e9di\u00e9val, chercheur associ\u00e9 de l&rsquo;UMR ARTeHIS \u2013 Universit\u00e9 de Bourgogne (Dijon). Ses travaux portent notamment sur l\u2019architecture et le d\u00e9cor sculpt\u00e9 des \u00e9difices religieux au d\u00e9but du XIIIe si\u00e8cle (transition entre les \u00e2ges romans et l\u2019architecture gothique). Dans ce cadre, il \u00e9tudie &hellip; <a href=\"https:\/\/www.revue-exposition.com\/index.php\/articles\/demarthe-reflexions-monstration-collections-patrimoniales\/%20\" class=\"more-link\">Continuer la lecture<span class=\"screen-reader-text\"> de &laquo;&nbsp;Quelques r\u00e9flexions sur la revue <em>exPosition<\/em> et la monstration des collections patrimoniales&nbsp;&raquo;<\/span><\/a><\/p>\n","protected":false},"author":3,"featured_media":0,"comment_status":"open","ping_status":"open","sticky":false,"template":"","format":"standard","meta":{"jetpack_post_was_ever_published":false,"_jetpack_newsletter_access":"","_jetpack_dont_email_post_to_subs":false,"_jetpack_newsletter_tier_id":0,"_jetpack_memberships_contains_paywalled_content":false,"_jetpack_memberships_contains_paid_content":false,"footnotes":"","jetpack_publicize_message":"","jetpack_publicize_feature_enabled":true,"jetpack_social_post_already_shared":false,"jetpack_social_options":{"image_generator_settings":{"template":"highway","default_image_id":0,"font":"","enabled":false},"version":2}},"categories":[19],"tags":[38,34,33,43,28,77],"class_list":["post-763","post","type-post","status-publish","format-standard","hentry","category-articles","tag-art","tag-collections","tag-exposition","tag-musee","tag-patrimoine","tag-revue-exposition"],"yoast_head":"<!-- This site is optimized with the Yoast SEO plugin v27.0 - https:\/\/yoast.com\/product\/yoast-seo-wordpress\/ -->\n<title>Quelques r\u00e9flexions sur la revue exPosition et la monstration des collections patrimoniales - exPosition<\/title>\n<meta name=\"description\" content=\"par Sylvain Demarthe. La revue exPosition interroge les enjeux de la monstration des \u0153uvres et objets d\u2019art au sens large et n\u2019implique aucune restriction d\u2019ordre typologique, g\u00e9ographique ou chronologique.\" \/>\n<meta name=\"robots\" content=\"index, follow, max-snippet:-1, max-image-preview:large, max-video-preview:-1\" \/>\n<link rel=\"canonical\" href=\"https:\/\/www.revue-exposition.com\/index.php\/articles\/demarthe-reflexions-monstration-collections-patrimoniales\/%20\" \/>\n<meta property=\"og:locale\" content=\"fr_FR\" \/>\n<meta property=\"og:type\" content=\"article\" \/>\n<meta property=\"og:title\" content=\"Quelques r\u00e9flexions sur la revue exPosition et la monstration des collections patrimoniales - exPosition\" \/>\n<meta property=\"og:description\" content=\"par Sylvain Demarthe. La revue exPosition interroge les enjeux de la monstration des \u0153uvres et objets d\u2019art au sens large et n\u2019implique aucune restriction d\u2019ordre typologique, g\u00e9ographique ou chronologique.\" \/>\n<meta property=\"og:url\" content=\"https:\/\/www.revue-exposition.com\/index.php\/articles\/demarthe-reflexions-monstration-collections-patrimoniales\/ \" \/>\n<meta property=\"og:site_name\" content=\"exPosition\" \/>\n<meta property=\"article:published_time\" content=\"2016-06-21T15:30:45+00:00\" \/>\n<meta property=\"article:modified_time\" content=\"2016-07-02T13:10:20+00:00\" \/>\n<meta name=\"author\" content=\"Sylvain Demarthe\" \/>\n<meta name=\"twitter:card\" content=\"summary_large_image\" \/>\n<meta name=\"twitter:label1\" content=\"\u00c9crit par\" \/>\n\t<meta name=\"twitter:data1\" content=\"Sylvain Demarthe\" \/>\n\t<meta name=\"twitter:label2\" content=\"Dur\u00e9e de lecture estim\u00e9e\" \/>\n\t<meta name=\"twitter:data2\" content=\"4 minutes\" \/>\n<script type=\"application\/ld+json\" class=\"yoast-schema-graph\">{\"@context\":\"https:\/\/schema.org\",\"@graph\":[{\"@type\":\"Article\",\"@id\":\"https:\/\/www.revue-exposition.com\/index.php\/articles\/demarthe-reflexions-monstration-collections-patrimoniales\/%20#article\",\"isPartOf\":{\"@id\":\"https:\/\/www.revue-exposition.com\/index.php\/articles\/demarthe-reflexions-monstration-collections-patrimoniales\/%20\"},\"author\":{\"name\":\"Sylvain Demarthe\",\"@id\":\"https:\/\/www.revue-exposition.com\/#\/schema\/person\/87743f2d51f30b72bb436dbf5c9a773f\"},\"headline\":\"Quelques r\u00e9flexions sur la revue exPosition et la monstration des collections patrimoniales\",\"datePublished\":\"2016-06-21T15:30:45+00:00\",\"dateModified\":\"2016-07-02T13:10:20+00:00\",\"mainEntityOfPage\":{\"@id\":\"https:\/\/www.revue-exposition.com\/index.php\/articles\/demarthe-reflexions-monstration-collections-patrimoniales\/%20\"},\"wordCount\":828,\"commentCount\":0,\"publisher\":{\"@id\":\"https:\/\/www.revue-exposition.com\/#organization\"},\"keywords\":[\"art\",\"collections\",\"exposition\",\"mus\u00e9e\",\"patrimoine\",\"revue-exposition\"],\"articleSection\":[\"N\u00b0 1\/2016\"],\"inLanguage\":\"fr-FR\",\"potentialAction\":[{\"@type\":\"CommentAction\",\"name\":\"Comment\",\"target\":[\"https:\/\/www.revue-exposition.com\/index.php\/articles\/demarthe-reflexions-monstration-collections-patrimoniales\/%20#respond\"]}]},{\"@type\":\"WebPage\",\"@id\":\"https:\/\/www.revue-exposition.com\/index.php\/articles\/demarthe-reflexions-monstration-collections-patrimoniales\/%20\",\"url\":\"https:\/\/www.revue-exposition.com\/index.php\/articles\/demarthe-reflexions-monstration-collections-patrimoniales\/%20\",\"name\":\"Quelques r\u00e9flexions sur la revue exPosition et la monstration des collections patrimoniales - exPosition\",\"isPartOf\":{\"@id\":\"https:\/\/www.revue-exposition.com\/#website\"},\"datePublished\":\"2016-06-21T15:30:45+00:00\",\"dateModified\":\"2016-07-02T13:10:20+00:00\",\"description\":\"par Sylvain Demarthe. La revue exPosition interroge les enjeux de la monstration des \u0153uvres et objets d\u2019art au sens large et n\u2019implique aucune restriction d\u2019ordre typologique, g\u00e9ographique ou chronologique.\",\"breadcrumb\":{\"@id\":\"https:\/\/www.revue-exposition.com\/index.php\/articles\/demarthe-reflexions-monstration-collections-patrimoniales\/%20#breadcrumb\"},\"inLanguage\":\"fr-FR\",\"potentialAction\":[{\"@type\":\"ReadAction\",\"target\":[\"https:\/\/www.revue-exposition.com\/index.php\/articles\/demarthe-reflexions-monstration-collections-patrimoniales\/%20\"]}]},{\"@type\":\"BreadcrumbList\",\"@id\":\"https:\/\/www.revue-exposition.com\/index.php\/articles\/demarthe-reflexions-monstration-collections-patrimoniales\/%20#breadcrumb\",\"itemListElement\":[{\"@type\":\"ListItem\",\"position\":1,\"name\":\"Accueil\",\"item\":\"https:\/\/www.revue-exposition.com\/\"},{\"@type\":\"ListItem\",\"position\":2,\"name\":\"N\u00b0 1\/2016\",\"item\":\"https:\/\/www.revue-exposition.com\/index.php\/category\/articles\"},{\"@type\":\"ListItem\",\"position\":3,\"name\":\"Quelques r\u00e9flexions sur la revue exPosition et la monstration des collections patrimoniales\"}]},{\"@type\":\"WebSite\",\"@id\":\"https:\/\/www.revue-exposition.com\/#website\",\"url\":\"https:\/\/www.revue-exposition.com\/\",\"name\":\"exPosition\",\"description\":\"Revue d&#039;analyse des enjeux propres \u00e0 l&#039;exposition des \u0153uvres et objets d&#039;art\",\"publisher\":{\"@id\":\"https:\/\/www.revue-exposition.com\/#organization\"},\"potentialAction\":[{\"@type\":\"SearchAction\",\"target\":{\"@type\":\"EntryPoint\",\"urlTemplate\":\"https:\/\/www.revue-exposition.com\/?s={search_term_string}\"},\"query-input\":{\"@type\":\"PropertyValueSpecification\",\"valueRequired\":true,\"valueName\":\"search_term_string\"}}],\"inLanguage\":\"fr-FR\"},{\"@type\":\"Organization\",\"@id\":\"https:\/\/www.revue-exposition.com\/#organization\",\"name\":\"exPosition\",\"url\":\"https:\/\/www.revue-exposition.com\/\",\"logo\":{\"@type\":\"ImageObject\",\"inLanguage\":\"fr-FR\",\"@id\":\"https:\/\/www.revue-exposition.com\/#\/schema\/logo\/image\/\",\"url\":\"https:\/\/i2.wp.com\/www.revue-exposition.com\/wp-content\/uploads\/2016\/06\/cropped-logo-rond-noir.jpg?fit=512%2C512\",\"contentUrl\":\"https:\/\/i2.wp.com\/www.revue-exposition.com\/wp-content\/uploads\/2016\/06\/cropped-logo-rond-noir.jpg?fit=512%2C512\",\"width\":512,\"height\":512,\"caption\":\"exPosition\"},\"image\":{\"@id\":\"https:\/\/www.revue-exposition.com\/#\/schema\/logo\/image\/\"}},{\"@type\":\"Person\",\"@id\":\"https:\/\/www.revue-exposition.com\/#\/schema\/person\/87743f2d51f30b72bb436dbf5c9a773f\",\"name\":\"Sylvain Demarthe\",\"url\":\"https:\/\/www.revue-exposition.com\/index.php\/author\/sylvain\"}]}<\/script>\n<!-- \/ Yoast SEO plugin. -->","yoast_head_json":{"title":"Quelques r\u00e9flexions sur la revue exPosition et la monstration des collections patrimoniales - exPosition","description":"par Sylvain Demarthe. La revue exPosition interroge les enjeux de la monstration des \u0153uvres et objets d\u2019art au sens large et n\u2019implique aucune restriction d\u2019ordre typologique, g\u00e9ographique ou chronologique.","robots":{"index":"index","follow":"follow","max-snippet":"max-snippet:-1","max-image-preview":"max-image-preview:large","max-video-preview":"max-video-preview:-1"},"canonical":"https:\/\/www.revue-exposition.com\/index.php\/articles\/demarthe-reflexions-monstration-collections-patrimoniales\/ ","og_locale":"fr_FR","og_type":"article","og_title":"Quelques r\u00e9flexions sur la revue exPosition et la monstration des collections patrimoniales - exPosition","og_description":"par Sylvain Demarthe. La revue exPosition interroge les enjeux de la monstration des \u0153uvres et objets d\u2019art au sens large et n\u2019implique aucune restriction d\u2019ordre typologique, g\u00e9ographique ou chronologique.","og_url":"https:\/\/www.revue-exposition.com\/index.php\/articles\/demarthe-reflexions-monstration-collections-patrimoniales\/ ","og_site_name":"exPosition","article_published_time":"2016-06-21T15:30:45+00:00","article_modified_time":"2016-07-02T13:10:20+00:00","author":"Sylvain Demarthe","twitter_card":"summary_large_image","twitter_misc":{"\u00c9crit par":"Sylvain Demarthe","Dur\u00e9e de lecture estim\u00e9e":"4 minutes"},"schema":{"@context":"https:\/\/schema.org","@graph":[{"@type":"Article","@id":"https:\/\/www.revue-exposition.com\/index.php\/articles\/demarthe-reflexions-monstration-collections-patrimoniales\/%20#article","isPartOf":{"@id":"https:\/\/www.revue-exposition.com\/index.php\/articles\/demarthe-reflexions-monstration-collections-patrimoniales\/%20"},"author":{"name":"Sylvain Demarthe","@id":"https:\/\/www.revue-exposition.com\/#\/schema\/person\/87743f2d51f30b72bb436dbf5c9a773f"},"headline":"Quelques r\u00e9flexions sur la revue exPosition et la monstration des collections patrimoniales","datePublished":"2016-06-21T15:30:45+00:00","dateModified":"2016-07-02T13:10:20+00:00","mainEntityOfPage":{"@id":"https:\/\/www.revue-exposition.com\/index.php\/articles\/demarthe-reflexions-monstration-collections-patrimoniales\/%20"},"wordCount":828,"commentCount":0,"publisher":{"@id":"https:\/\/www.revue-exposition.com\/#organization"},"keywords":["art","collections","exposition","mus\u00e9e","patrimoine","revue-exposition"],"articleSection":["N\u00b0 1\/2016"],"inLanguage":"fr-FR","potentialAction":[{"@type":"CommentAction","name":"Comment","target":["https:\/\/www.revue-exposition.com\/index.php\/articles\/demarthe-reflexions-monstration-collections-patrimoniales\/%20#respond"]}]},{"@type":"WebPage","@id":"https:\/\/www.revue-exposition.com\/index.php\/articles\/demarthe-reflexions-monstration-collections-patrimoniales\/%20","url":"https:\/\/www.revue-exposition.com\/index.php\/articles\/demarthe-reflexions-monstration-collections-patrimoniales\/%20","name":"Quelques r\u00e9flexions sur la revue exPosition et la monstration des collections patrimoniales - exPosition","isPartOf":{"@id":"https:\/\/www.revue-exposition.com\/#website"},"datePublished":"2016-06-21T15:30:45+00:00","dateModified":"2016-07-02T13:10:20+00:00","description":"par Sylvain Demarthe. La revue exPosition interroge les enjeux de la monstration des \u0153uvres et objets d\u2019art au sens large et n\u2019implique aucune restriction d\u2019ordre typologique, g\u00e9ographique ou chronologique.","breadcrumb":{"@id":"https:\/\/www.revue-exposition.com\/index.php\/articles\/demarthe-reflexions-monstration-collections-patrimoniales\/%20#breadcrumb"},"inLanguage":"fr-FR","potentialAction":[{"@type":"ReadAction","target":["https:\/\/www.revue-exposition.com\/index.php\/articles\/demarthe-reflexions-monstration-collections-patrimoniales\/%20"]}]},{"@type":"BreadcrumbList","@id":"https:\/\/www.revue-exposition.com\/index.php\/articles\/demarthe-reflexions-monstration-collections-patrimoniales\/%20#breadcrumb","itemListElement":[{"@type":"ListItem","position":1,"name":"Accueil","item":"https:\/\/www.revue-exposition.com\/"},{"@type":"ListItem","position":2,"name":"N\u00b0 1\/2016","item":"https:\/\/www.revue-exposition.com\/index.php\/category\/articles"},{"@type":"ListItem","position":3,"name":"Quelques r\u00e9flexions sur la revue exPosition et la monstration des collections patrimoniales"}]},{"@type":"WebSite","@id":"https:\/\/www.revue-exposition.com\/#website","url":"https:\/\/www.revue-exposition.com\/","name":"exPosition","description":"Revue d&#039;analyse des enjeux propres \u00e0 l&#039;exposition des \u0153uvres et objets d&#039;art","publisher":{"@id":"https:\/\/www.revue-exposition.com\/#organization"},"potentialAction":[{"@type":"SearchAction","target":{"@type":"EntryPoint","urlTemplate":"https:\/\/www.revue-exposition.com\/?s={search_term_string}"},"query-input":{"@type":"PropertyValueSpecification","valueRequired":true,"valueName":"search_term_string"}}],"inLanguage":"fr-FR"},{"@type":"Organization","@id":"https:\/\/www.revue-exposition.com\/#organization","name":"exPosition","url":"https:\/\/www.revue-exposition.com\/","logo":{"@type":"ImageObject","inLanguage":"fr-FR","@id":"https:\/\/www.revue-exposition.com\/#\/schema\/logo\/image\/","url":"https:\/\/i2.wp.com\/www.revue-exposition.com\/wp-content\/uploads\/2016\/06\/cropped-logo-rond-noir.jpg?fit=512%2C512","contentUrl":"https:\/\/i2.wp.com\/www.revue-exposition.com\/wp-content\/uploads\/2016\/06\/cropped-logo-rond-noir.jpg?fit=512%2C512","width":512,"height":512,"caption":"exPosition"},"image":{"@id":"https:\/\/www.revue-exposition.com\/#\/schema\/logo\/image\/"}},{"@type":"Person","@id":"https:\/\/www.revue-exposition.com\/#\/schema\/person\/87743f2d51f30b72bb436dbf5c9a773f","name":"Sylvain Demarthe","url":"https:\/\/www.revue-exposition.com\/index.php\/author\/sylvain"}]}},"jetpack_publicize_connections":[],"jetpack_featured_media_url":"","jetpack_sharing_enabled":true,"jetpack_shortlink":"https:\/\/wp.me\/p7FaMB-cj","_links":{"self":[{"href":"https:\/\/www.revue-exposition.com\/index.php\/wp-json\/wp\/v2\/posts\/763","targetHints":{"allow":["GET"]}}],"collection":[{"href":"https:\/\/www.revue-exposition.com\/index.php\/wp-json\/wp\/v2\/posts"}],"about":[{"href":"https:\/\/www.revue-exposition.com\/index.php\/wp-json\/wp\/v2\/types\/post"}],"author":[{"embeddable":true,"href":"https:\/\/www.revue-exposition.com\/index.php\/wp-json\/wp\/v2\/users\/3"}],"replies":[{"embeddable":true,"href":"https:\/\/www.revue-exposition.com\/index.php\/wp-json\/wp\/v2\/comments?post=763"}],"version-history":[{"count":4,"href":"https:\/\/www.revue-exposition.com\/index.php\/wp-json\/wp\/v2\/posts\/763\/revisions"}],"predecessor-version":[{"id":874,"href":"https:\/\/www.revue-exposition.com\/index.php\/wp-json\/wp\/v2\/posts\/763\/revisions\/874"}],"wp:attachment":[{"href":"https:\/\/www.revue-exposition.com\/index.php\/wp-json\/wp\/v2\/media?parent=763"}],"wp:term":[{"taxonomy":"category","embeddable":true,"href":"https:\/\/www.revue-exposition.com\/index.php\/wp-json\/wp\/v2\/categories?post=763"},{"taxonomy":"post_tag","embeddable":true,"href":"https:\/\/www.revue-exposition.com\/index.php\/wp-json\/wp\/v2\/tags?post=763"}],"curies":[{"name":"wp","href":"https:\/\/api.w.org\/{rel}","templated":true}]}}