{"id":982,"date":"2017-09-25T14:24:36","date_gmt":"2017-09-25T13:24:36","guid":{"rendered":"http:\/\/www.revue-exposition.com\/?p=982"},"modified":"2022-12-12T13:48:25","modified_gmt":"2022-12-12T12:48:25","slug":"2017","status":"publish","type":"post","link":"https:\/\/www.revue-exposition.com\/index.php\/sommaire-3\/2017\/%20","title":{"rendered":"3\/2017 \u2013 Le peintre et l&rsquo;accrochage de son \u0153uvre \u2013 Varia"},"content":{"rendered":"<p style=\"text-align: justify;\"><strong>Introduction<br \/>\n<\/strong><\/p>\n<p style=\"text-align: justify;\">\u2013 H\u00e9l\u00e8ne Trespeuch, <a href=\"https:\/\/www.revue-exposition.com\/index.php\/articles3\/trespeuch-reflexions-white-cube-doherty\/%20\">Quelques r\u00e9flexions autour du <em>White Cube<\/em> de Brian O\u2019Doherty<\/a><\/p>\n<p style=\"text-align: justify;\"><strong>Le peintre et l&rsquo;accrochage de son \u0153uvre (dossier dirig\u00e9 par H\u00e9l\u00e8ne Trespeuch)<\/strong><\/p>\n<p style=\"text-align: justify;\">\u2013 F\u00e9licie Faizand de Maupeou, <a href=\"https:\/\/www.revue-exposition.com\/index.php\/articles3\/de-maupeou-exposition-nympheas-monet-orangerie\/%20\">Un geste artistique in\u00e9dit : la mise en exposition des <em>Nymph\u00e9as<\/em> de Monet \u00e0 l\u2019Orangerie des Tuileries<\/a><\/p>\n<p style=\"text-align: justify;\">\u2013 Gwenn Gayet-Kerguiduff, <a href=\"https:\/\/www.revue-exposition.com\/index.php\/articles3\/gayet-theophile-louis-deyrolle-kerazan\/%20\">Th\u00e9ophile-Louis Deyrolle (1844-1923), peintre breton des ensembles d\u00e9coratifs de Kerazan, \u00e0 Loctudy (Finist\u00e8re)<\/a><\/p>\n<p style=\"text-align: justify;\">\u2013 Claire Salles, <a href=\"https:\/\/www.revue-exposition.com\/index.php\/articles3\/salles-60-t-45-martin-barre-mur\/%20\">Le polyptyque <em>60-T-45<\/em> de Martin Barr\u00e9 : convoquer le mur d&rsquo;accrochage pour d\u00e9voyer le sujet<\/a><\/p>\n<p style=\"text-align: justify;\"><strong>Varia<\/strong><\/p>\n<p style=\"text-align: justify;\">\u2013 H\u00e9l\u00e8ne Chanc\u00e9, <a href=\"https:\/\/www.revue-exposition.com\/index.php\/articles3\/chance-manuscrits-medievaux-clairvaux-montpellier-2015\/%20\"><em>L\u2019art du savoir. Manuscrits m\u00e9di\u00e9vaux de Clairvaux \u00e0 Montpellier <\/em>(Biblioth\u00e8que universitaire de m\u00e9decine, Montpellier, 2015)<\/a><\/p>\n<p style=\"text-align: justify;\">&#8211; H\u00e9l\u00e8ne Trespeuch, <a href=\"https:\/\/www.revue-exposition.com\/index.php\/articles3\/trespeuch-koons-pompidou-paris-2014\/%20\"><em>Jeff Koons<\/em> (Centre Pompidou, Paris, 2014-15) : une r\u00e9trospective amn\u00e9sique<\/a><em><br \/>\n<\/em><\/p>\n<p style=\"text-align: justify;\">\u2013 Marie Vicet, <a href=\"https:\/\/www.revue-exposition.com\/index.php\/articles3\/vicet-clip-video-musee-expositions-france\">Quelle place pour le clip vid\u00e9o au mus\u00e9e\u00a0? De sa reconnaissance mus\u00e9ale \u00e0 sa remise en question, \u00e0 travers trois expositions fran\u00e7aises (1985-2007)<\/a><\/p>\n","protected":false},"excerpt":{"rendered":"<p>Introduction \u2013 H\u00e9l\u00e8ne Trespeuch, Quelques r\u00e9flexions autour du White Cube de Brian O\u2019Doherty Le peintre et l&rsquo;accrochage de son \u0153uvre (dossier dirig\u00e9 par H\u00e9l\u00e8ne Trespeuch) \u2013 F\u00e9licie Faizand de Maupeou, Un geste artistique in\u00e9dit : la mise en exposition des Nymph\u00e9as de Monet \u00e0 l\u2019Orangerie des Tuileries \u2013 Gwenn Gayet-Kerguiduff, Th\u00e9ophile-Louis Deyrolle (1844-1923), peintre breton &hellip; <a href=\"https:\/\/www.revue-exposition.com\/index.php\/sommaire-3\/2017\/%20\" class=\"more-link\">Continuer la lecture<span class=\"screen-reader-text\"> de &laquo;&nbsp;3\/2017 \u2013 Le peintre et l&rsquo;accrochage de son \u0153uvre \u2013 Varia&nbsp;&raquo;<\/span><\/a><\/p>\n","protected":false},"author":1,"featured_media":0,"comment_status":"open","ping_status":"open","sticky":false,"template":"","format":"standard","meta":{"jetpack_post_was_ever_published":false,"_jetpack_newsletter_access":"","_jetpack_dont_email_post_to_subs":false,"_jetpack_newsletter_tier_id":0,"_jetpack_memberships_contains_paywalled_content":false,"_jetpack_memberships_contains_paid_content":false,"footnotes":"","jetpack_publicize_message":"","jetpack_publicize_feature_enabled":true,"jetpack_social_post_already_shared":true,"jetpack_social_options":{"image_generator_settings":{"template":"highway","default_image_id":0,"font":"","enabled":false},"version":2}},"categories":[100],"tags":[84,33,102,83,77],"class_list":["post-982","post","type-post","status-publish","format-standard","hentry","category-sommaire-3","tag-accrochage","tag-exposition","tag-peintre","tag-peinture","tag-revue-exposition"],"yoast_head":"<!-- This site is optimized with the Yoast SEO plugin v27.0 - https:\/\/yoast.com\/product\/yoast-seo-wordpress\/ -->\n<title>3\/2017 \u2013 Le peintre et l&#039;accrochage de son \u0153uvre \u2013 Varia - exPosition<\/title>\n<meta name=\"description\" content=\"Sommaire du n\u00b0 3 de la revue exPosition : Le peintre et l&#039;accrochage de son \u0153uvre \/ Varia\" \/>\n<meta name=\"robots\" content=\"index, follow, max-snippet:-1, max-image-preview:large, max-video-preview:-1\" \/>\n<link rel=\"canonical\" href=\"https:\/\/www.revue-exposition.com\/index.php\/sommaire-3\/2017\/%20\" \/>\n<meta property=\"og:locale\" content=\"fr_FR\" \/>\n<meta property=\"og:type\" content=\"article\" \/>\n<meta property=\"og:title\" content=\"3\/2017 \u2013 Le peintre et l&#039;accrochage de son \u0153uvre \u2013 Varia - exPosition\" \/>\n<meta property=\"og:description\" content=\"Sommaire du n\u00b0 3 de la revue exPosition : Le peintre et l&#039;accrochage de son \u0153uvre \/ Varia\" \/>\n<meta property=\"og:url\" content=\"https:\/\/www.revue-exposition.com\/index.php\/sommaire-3\/2017\/ \" \/>\n<meta property=\"og:site_name\" content=\"exPosition\" \/>\n<meta property=\"article:published_time\" content=\"2017-09-25T13:24:36+00:00\" \/>\n<meta property=\"article:modified_time\" content=\"2022-12-12T12:48:25+00:00\" \/>\n<meta name=\"author\" content=\"exPosition\" \/>\n<meta name=\"twitter:card\" content=\"summary_large_image\" \/>\n<meta name=\"twitter:label1\" content=\"\u00c9crit par\" \/>\n\t<meta name=\"twitter:data1\" content=\"exPosition\" \/>\n\t<meta name=\"twitter:label2\" content=\"Dur\u00e9e de lecture estim\u00e9e\" \/>\n\t<meta name=\"twitter:data2\" content=\"1 minute\" \/>\n<script type=\"application\/ld+json\" class=\"yoast-schema-graph\">{\"@context\":\"https:\/\/schema.org\",\"@graph\":[{\"@type\":\"Article\",\"@id\":\"https:\/\/www.revue-exposition.com\/index.php\/sommaire-3\/2017\/%20#article\",\"isPartOf\":{\"@id\":\"https:\/\/www.revue-exposition.com\/index.php\/sommaire-3\/2017\/%20\"},\"author\":{\"name\":\"exPosition\",\"@id\":\"https:\/\/www.revue-exposition.com\/#\/schema\/person\/8fafe6c191f1653d02ba2e39934a0ad5\"},\"headline\":\"3\/2017 \u2013 Le peintre et l&rsquo;accrochage de son \u0153uvre \u2013 Varia\",\"datePublished\":\"2017-09-25T13:24:36+00:00\",\"dateModified\":\"2022-12-12T12:48:25+00:00\",\"mainEntityOfPage\":{\"@id\":\"https:\/\/www.revue-exposition.com\/index.php\/sommaire-3\/2017\/%20\"},\"wordCount\":161,\"commentCount\":0,\"publisher\":{\"@id\":\"https:\/\/www.revue-exposition.com\/#organization\"},\"keywords\":[\"accrochage\",\"exposition\",\"peintre\",\"peinture\",\"revue-exposition\"],\"articleSection\":[\"Sommaire 3\/2017\"],\"inLanguage\":\"fr-FR\",\"potentialAction\":[{\"@type\":\"CommentAction\",\"name\":\"Comment\",\"target\":[\"https:\/\/www.revue-exposition.com\/index.php\/sommaire-3\/2017\/%20#respond\"]}]},{\"@type\":\"WebPage\",\"@id\":\"https:\/\/www.revue-exposition.com\/index.php\/sommaire-3\/2017\/%20\",\"url\":\"https:\/\/www.revue-exposition.com\/index.php\/sommaire-3\/2017\/%20\",\"name\":\"3\/2017 \u2013 Le peintre et l'accrochage de son \u0153uvre \u2013 Varia - exPosition\",\"isPartOf\":{\"@id\":\"https:\/\/www.revue-exposition.com\/#website\"},\"datePublished\":\"2017-09-25T13:24:36+00:00\",\"dateModified\":\"2022-12-12T12:48:25+00:00\",\"description\":\"Sommaire du n\u00b0 3 de la revue exPosition : Le peintre et l'accrochage de son \u0153uvre \/ Varia\",\"breadcrumb\":{\"@id\":\"https:\/\/www.revue-exposition.com\/index.php\/sommaire-3\/2017\/%20#breadcrumb\"},\"inLanguage\":\"fr-FR\",\"potentialAction\":[{\"@type\":\"ReadAction\",\"target\":[\"https:\/\/www.revue-exposition.com\/index.php\/sommaire-3\/2017\/%20\"]}]},{\"@type\":\"BreadcrumbList\",\"@id\":\"https:\/\/www.revue-exposition.com\/index.php\/sommaire-3\/2017\/%20#breadcrumb\",\"itemListElement\":[{\"@type\":\"ListItem\",\"position\":1,\"name\":\"Accueil\",\"item\":\"https:\/\/www.revue-exposition.com\/\"},{\"@type\":\"ListItem\",\"position\":2,\"name\":\"Sommaire 3\/2017\",\"item\":\"https:\/\/www.revue-exposition.com\/index.php\/category\/sommaire-3\"},{\"@type\":\"ListItem\",\"position\":3,\"name\":\"3\/2017 \u2013 Le peintre et l&rsquo;accrochage de son \u0153uvre \u2013 Varia\"}]},{\"@type\":\"WebSite\",\"@id\":\"https:\/\/www.revue-exposition.com\/#website\",\"url\":\"https:\/\/www.revue-exposition.com\/\",\"name\":\"exPosition\",\"description\":\"Revue d&#039;analyse des enjeux propres \u00e0 l&#039;exposition des \u0153uvres et objets d&#039;art\",\"publisher\":{\"@id\":\"https:\/\/www.revue-exposition.com\/#organization\"},\"potentialAction\":[{\"@type\":\"SearchAction\",\"target\":{\"@type\":\"EntryPoint\",\"urlTemplate\":\"https:\/\/www.revue-exposition.com\/?s={search_term_string}\"},\"query-input\":{\"@type\":\"PropertyValueSpecification\",\"valueRequired\":true,\"valueName\":\"search_term_string\"}}],\"inLanguage\":\"fr-FR\"},{\"@type\":\"Organization\",\"@id\":\"https:\/\/www.revue-exposition.com\/#organization\",\"name\":\"exPosition\",\"url\":\"https:\/\/www.revue-exposition.com\/\",\"logo\":{\"@type\":\"ImageObject\",\"inLanguage\":\"fr-FR\",\"@id\":\"https:\/\/www.revue-exposition.com\/#\/schema\/logo\/image\/\",\"url\":\"https:\/\/i2.wp.com\/www.revue-exposition.com\/wp-content\/uploads\/2016\/06\/cropped-logo-rond-noir.jpg?fit=512%2C512\",\"contentUrl\":\"https:\/\/i2.wp.com\/www.revue-exposition.com\/wp-content\/uploads\/2016\/06\/cropped-logo-rond-noir.jpg?fit=512%2C512\",\"width\":512,\"height\":512,\"caption\":\"exPosition\"},\"image\":{\"@id\":\"https:\/\/www.revue-exposition.com\/#\/schema\/logo\/image\/\"}},{\"@type\":\"Person\",\"@id\":\"https:\/\/www.revue-exposition.com\/#\/schema\/person\/8fafe6c191f1653d02ba2e39934a0ad5\",\"name\":\"exPosition\",\"url\":\"https:\/\/www.revue-exposition.com\/index.php\/author\/helcar\"}]}<\/script>\n<!-- \/ Yoast SEO plugin. -->","yoast_head_json":{"title":"3\/2017 \u2013 Le peintre et l'accrochage de son \u0153uvre \u2013 Varia - exPosition","description":"Sommaire du n\u00b0 3 de la revue exPosition : Le peintre et l'accrochage de son \u0153uvre \/ Varia","robots":{"index":"index","follow":"follow","max-snippet":"max-snippet:-1","max-image-preview":"max-image-preview:large","max-video-preview":"max-video-preview:-1"},"canonical":"https:\/\/www.revue-exposition.com\/index.php\/sommaire-3\/2017\/ ","og_locale":"fr_FR","og_type":"article","og_title":"3\/2017 \u2013 Le peintre et l'accrochage de son \u0153uvre \u2013 Varia - exPosition","og_description":"Sommaire du n\u00b0 3 de la revue exPosition : Le peintre et l'accrochage de son \u0153uvre \/ Varia","og_url":"https:\/\/www.revue-exposition.com\/index.php\/sommaire-3\/2017\/ ","og_site_name":"exPosition","article_published_time":"2017-09-25T13:24:36+00:00","article_modified_time":"2022-12-12T12:48:25+00:00","author":"exPosition","twitter_card":"summary_large_image","twitter_misc":{"\u00c9crit par":"exPosition","Dur\u00e9e de lecture estim\u00e9e":"1 minute"},"schema":{"@context":"https:\/\/schema.org","@graph":[{"@type":"Article","@id":"https:\/\/www.revue-exposition.com\/index.php\/sommaire-3\/2017\/%20#article","isPartOf":{"@id":"https:\/\/www.revue-exposition.com\/index.php\/sommaire-3\/2017\/%20"},"author":{"name":"exPosition","@id":"https:\/\/www.revue-exposition.com\/#\/schema\/person\/8fafe6c191f1653d02ba2e39934a0ad5"},"headline":"3\/2017 \u2013 Le peintre et l&rsquo;accrochage de son \u0153uvre \u2013 Varia","datePublished":"2017-09-25T13:24:36+00:00","dateModified":"2022-12-12T12:48:25+00:00","mainEntityOfPage":{"@id":"https:\/\/www.revue-exposition.com\/index.php\/sommaire-3\/2017\/%20"},"wordCount":161,"commentCount":0,"publisher":{"@id":"https:\/\/www.revue-exposition.com\/#organization"},"keywords":["accrochage","exposition","peintre","peinture","revue-exposition"],"articleSection":["Sommaire 3\/2017"],"inLanguage":"fr-FR","potentialAction":[{"@type":"CommentAction","name":"Comment","target":["https:\/\/www.revue-exposition.com\/index.php\/sommaire-3\/2017\/%20#respond"]}]},{"@type":"WebPage","@id":"https:\/\/www.revue-exposition.com\/index.php\/sommaire-3\/2017\/%20","url":"https:\/\/www.revue-exposition.com\/index.php\/sommaire-3\/2017\/%20","name":"3\/2017 \u2013 Le peintre et l'accrochage de son \u0153uvre \u2013 Varia - exPosition","isPartOf":{"@id":"https:\/\/www.revue-exposition.com\/#website"},"datePublished":"2017-09-25T13:24:36+00:00","dateModified":"2022-12-12T12:48:25+00:00","description":"Sommaire du n\u00b0 3 de la revue exPosition : Le peintre et l'accrochage de son \u0153uvre \/ Varia","breadcrumb":{"@id":"https:\/\/www.revue-exposition.com\/index.php\/sommaire-3\/2017\/%20#breadcrumb"},"inLanguage":"fr-FR","potentialAction":[{"@type":"ReadAction","target":["https:\/\/www.revue-exposition.com\/index.php\/sommaire-3\/2017\/%20"]}]},{"@type":"BreadcrumbList","@id":"https:\/\/www.revue-exposition.com\/index.php\/sommaire-3\/2017\/%20#breadcrumb","itemListElement":[{"@type":"ListItem","position":1,"name":"Accueil","item":"https:\/\/www.revue-exposition.com\/"},{"@type":"ListItem","position":2,"name":"Sommaire 3\/2017","item":"https:\/\/www.revue-exposition.com\/index.php\/category\/sommaire-3"},{"@type":"ListItem","position":3,"name":"3\/2017 \u2013 Le peintre et l&rsquo;accrochage de son \u0153uvre \u2013 Varia"}]},{"@type":"WebSite","@id":"https:\/\/www.revue-exposition.com\/#website","url":"https:\/\/www.revue-exposition.com\/","name":"exPosition","description":"Revue d&#039;analyse des enjeux propres \u00e0 l&#039;exposition des \u0153uvres et objets d&#039;art","publisher":{"@id":"https:\/\/www.revue-exposition.com\/#organization"},"potentialAction":[{"@type":"SearchAction","target":{"@type":"EntryPoint","urlTemplate":"https:\/\/www.revue-exposition.com\/?s={search_term_string}"},"query-input":{"@type":"PropertyValueSpecification","valueRequired":true,"valueName":"search_term_string"}}],"inLanguage":"fr-FR"},{"@type":"Organization","@id":"https:\/\/www.revue-exposition.com\/#organization","name":"exPosition","url":"https:\/\/www.revue-exposition.com\/","logo":{"@type":"ImageObject","inLanguage":"fr-FR","@id":"https:\/\/www.revue-exposition.com\/#\/schema\/logo\/image\/","url":"https:\/\/i2.wp.com\/www.revue-exposition.com\/wp-content\/uploads\/2016\/06\/cropped-logo-rond-noir.jpg?fit=512%2C512","contentUrl":"https:\/\/i2.wp.com\/www.revue-exposition.com\/wp-content\/uploads\/2016\/06\/cropped-logo-rond-noir.jpg?fit=512%2C512","width":512,"height":512,"caption":"exPosition"},"image":{"@id":"https:\/\/www.revue-exposition.com\/#\/schema\/logo\/image\/"}},{"@type":"Person","@id":"https:\/\/www.revue-exposition.com\/#\/schema\/person\/8fafe6c191f1653d02ba2e39934a0ad5","name":"exPosition","url":"https:\/\/www.revue-exposition.com\/index.php\/author\/helcar"}]}},"jetpack_publicize_connections":[],"jetpack_featured_media_url":"","jetpack_sharing_enabled":true,"jetpack_shortlink":"https:\/\/wp.me\/s7FaMB-2017","_links":{"self":[{"href":"https:\/\/www.revue-exposition.com\/index.php\/wp-json\/wp\/v2\/posts\/982","targetHints":{"allow":["GET"]}}],"collection":[{"href":"https:\/\/www.revue-exposition.com\/index.php\/wp-json\/wp\/v2\/posts"}],"about":[{"href":"https:\/\/www.revue-exposition.com\/index.php\/wp-json\/wp\/v2\/types\/post"}],"author":[{"embeddable":true,"href":"https:\/\/www.revue-exposition.com\/index.php\/wp-json\/wp\/v2\/users\/1"}],"replies":[{"embeddable":true,"href":"https:\/\/www.revue-exposition.com\/index.php\/wp-json\/wp\/v2\/comments?post=982"}],"version-history":[{"count":15,"href":"https:\/\/www.revue-exposition.com\/index.php\/wp-json\/wp\/v2\/posts\/982\/revisions"}],"predecessor-version":[{"id":2513,"href":"https:\/\/www.revue-exposition.com\/index.php\/wp-json\/wp\/v2\/posts\/982\/revisions\/2513"}],"wp:attachment":[{"href":"https:\/\/www.revue-exposition.com\/index.php\/wp-json\/wp\/v2\/media?parent=982"}],"wp:term":[{"taxonomy":"category","embeddable":true,"href":"https:\/\/www.revue-exposition.com\/index.php\/wp-json\/wp\/v2\/categories?post=982"},{"taxonomy":"post_tag","embeddable":true,"href":"https:\/\/www.revue-exposition.com\/index.php\/wp-json\/wp\/v2\/tags?post=982"}],"curies":[{"name":"wp","href":"https:\/\/api.w.org\/{rel}","templated":true}]}}